{"id":513322,"date":"2026-09-06T01:06:14","date_gmt":"2026-09-06T01:06:14","guid":{"rendered":"https:\/\/www.europesays.com\/pt\/513322\/"},"modified":"2026-09-06T01:06:14","modified_gmt":"2026-09-06T01:06:14","slug":"passageiro-que-estava-a-incomodar-toda-a-gente-foi-preso-com-fita-adesiva-ao-assento-e-obrigou-a-uma-aterragem-de-emergencia","status":"publish","type":"post","link":"https:\/\/www.europesays.com\/pt\/513322\/","title":{"rendered":"Passageiro que estava a incomodar toda a gente foi preso com fita adesiva ao assento e obrigou a uma aterragem de emerg\u00eancia"},"content":{"rendered":"<p>                Durante um voo da American Airlines, um homem come\u00e7ou a tornar-se agressivo e a proferir insultos e teve que ser imobilizado. Em terra, foi entregue \u00e0s autoridades<\/p>\n<p>Um passageiro que estava a perturbar os outros viajantes foi imobilizado com algemas flex\u00edveis e preso com fita adesiva a um assento, enquanto o seu voo era desviado para efetuar uma aterragem de emerg\u00eancia em Baltimore, EUA, na noite de quinta-feira, como mostram fotografias e v\u00eddeos captados por outros passageiros.<\/p>\n<p>Richard Olenick e Juan Mejia j\u00e1 tinham percorrido mais de metade do voo quando um homem, duas filas atr\u00e1s deles na zona da primeira classe, come\u00e7ou a tornar-se agressivo, conta Olenick.<\/p>\n<p>O voo 618 da American Airlines viajava do Aeroporto Internacional de Dallas-Fort Worth para Newark quando a tripula\u00e7\u00e3o comunicou o dist\u00farbio causado pelo passageiro, confirm a Administra\u00e7\u00e3o Federal de Avia\u00e7\u00e3o num comunicado.<\/p>\n<p>Uma comiss\u00e1ria de bordo tentou controlar a situa\u00e7\u00e3o, mas o homem ficou cada vez mais agitado, come\u00e7ou a agredir o passageiro ao seu lado e, em seguida, agrediu uma mulher que tentou intervir, disse Olenick.<\/p>\n<p>Ao perceber que a situa\u00e7\u00e3o se tornava f\u00edsica, Mejia, que \u00e9 um agente da pol\u00edcia reformado de Nova J\u00e9rsia, levantou-se e Olenick seguiu-o. &#8220;Ele estava a come\u00e7ar a tornar-se agressivo e a usar palavr\u00f5es&#8221;, conta Olenick. Segundo Olenick e Mejia, o homem tamb\u00e9m proferiu &#8220;insultos racistas e homof\u00f3bicos&#8221;.<\/p>\n<p>  <img loading=\"lazy\" decoding=\"async\" alt=\"\" height=\"800\" src=\"https:\/\/www.europesays.com\/pt\/wp-content\/uploads\/2026\/09\/1788656774_544_600.webp\" width=\"600\"\/><br \/>\n   <strong>O passageiro indisciplinado foi imobilizado at\u00e9 o avi\u00e3o aterrar e os agentes da autoridade poderem entrar no avi\u00e3o e retir\u00e1-lo de l\u00e1 <\/strong>(Foto: Cortesia de Richard Olenick via CNN Newsource) <\/p>\n<p>Uma comiss\u00e1ria de bordo deu a Olenick, a Mejia e a uma terceira pessoa uma bra\u00e7adeira de pl\u00e1stico, que utilizaram para imobilizar os pulsos do homem enquanto este lhes gritava: &#8220;Saiam de cima de mim.&#8221;<\/p>\n<p>Ent\u00e3o, o homem mordeu Mejia e tentou morder Olenick, o que levou os tr\u00eas homens a come\u00e7arem a usar fita adesiva fornecida por uma comiss\u00e1ria de bordo para o imobilizar. Seguindo o conselho de Mejia, certificaram-se que n\u00e3o colocavam fita adesiva sobre a boca do homem para que ele n\u00e3o tivesse dificuldades em respirar.<\/p>\n<p>&#8220;Fisicamente, isso diminuiu a sua capacidade de se mover, sem d\u00favida, mas n\u00e3o resolveu o problema. Ele continuava a empurrar, a resistir e a tentar levantar-se&#8221;, conta Olenick.<\/p>\n<p>&#8220;A seguran\u00e7a e a prote\u00e7\u00e3o dos nossos clientes e membros da equipa s\u00e3o a nossa principal prioridade e n\u00e3o toleramos a viol\u00eancia&#8221;, diz a American Airlines num comunicado. &#8220;Agradecemos aos nossos colaboradores pelo seu profissionalismo e aos nossos clientes pela sua compreens\u00e3o.&#8221;<\/p>\n<p>Durante os 15 minutos seguintes, Olenick permaneceu sentado no colo do passageiro imobilizado at\u00e9 o avi\u00e3o efetuar a aterragem de emerg\u00eancia em Maryland. A certa altura, Olenick tentou voltar a sentar-se no seu lugar, mas teve de regressar rapidamente &#8220;porque o homem come\u00e7ou a agitar-se novamente&#8221;, diz Olenick.<\/p>\n<p>  <img loading=\"lazy\" decoding=\"async\" alt=\"\" height=\"800\" src=\"https:\/\/www.europesays.com\/pt\/wp-content\/uploads\/2026\/09\/1788656774_183_600.webp\" width=\"600\"\/><br \/>\n   <strong>Richard Olenick est\u00e1 ao lado do passageiro indisciplinado no voo da American Airlines<\/strong> (Foto: Cortesia de Juan Mejia via CNN Newsource) <\/p>\n<p>Nesta altura, os passageiros j\u00e1 estavam a pensar no 25.\u00ba anivers\u00e1rio dos ataques terroristas de 11 de setembro, que se assinalam na pr\u00f3xima semana, tornando a situa\u00e7\u00e3o ainda mais preocupante. &#8220;O Juan, sendo pol\u00edcia, perdeu pessoas. Eu estava provavelmente a tr\u00eas milhas de dist\u00e2ncia quando tudo aconteceu, por isso \u00e9 um momento muito delicado e, depois, este tipo come\u00e7a, sabem, a fazer estas coisas&#8221;, diz Olenick.<\/p>\n<p>A Pol\u00edcia da Autoridade de Transportes de Maryland recebeu o avi\u00e3o ap\u00f3s este ter aterrado em seguran\u00e7a no Aeroporto Internacional Thurgood Marshall de Baltimore\/Washington e deteve o homem sob acusa\u00e7\u00f5es estaduais, segundo um comunicado do FBI. As autoridades n\u00e3o revelaram o nome do homem.<\/p>\n<p>Depois de o passageiro ter sido retirado do avi\u00e3o, o voo prosseguiu o seu percurso para Newark, afirmou Olenick.<\/p>\n<p>&#8220;N\u00e3o sabemos exatamente o que aconteceu, o que desencadeou o incidente&#8221;, acrescenta Olenick. &#8220;Mas, fosse o que fosse, foi bastante intenso.&#8221;<\/p>\n<p>Em muitos avi\u00f5es comerciais, encontram-se fita adesiva e algemas flex\u00edveis para serem utilizadas na conten\u00e7\u00e3o de passageiros violentos ou perturbadores.<\/p>\n<p>Em 2024, um passageiro que tentou for\u00e7ar a abertura de uma porta e feriu um comiss\u00e1rio de bordo durante um voo de Milwaukee para Dallas foi preso ao seu lugar com fita adesiva.<\/p>\n<p>At\u00e9 ao momento, este ano, foram registados mais de 1.160 incidentes envolvendo passageiros indisciplinados, de acordo com a FAA.<\/p>\n<p>Para al\u00e9m de san\u00e7\u00f5es penais, a ag\u00eancia pode aplicar multas superiores a 43 000 d\u00f3lares a qualquer passageiro que &#8220;agredir, amea\u00e7ar, intimidar ou interferir com os membros da tripula\u00e7\u00e3o da companhia a\u00e9rea&#8221;.<\/p>\n","protected":false},"excerpt":{"rendered":"Durante um voo da American Airlines, um homem come\u00e7ou a tornar-se agressivo e a proferir insultos e teve&hellip;\n","protected":false},"author":2,"featured_media":513323,"comment_status":"","ping_status":"","sticky":false,"template":"","format":"standard","meta":{"footnotes":"","_share_on_mastodon":"0"},"categories":[50],"tags":[609,20411,836,611,324,13610,27,28,607,608,333,832,604,135,610,476,15,16,301,830,14,603,25,26,570,21,22,831,833,62,834,12,13,19,20,835,602,82267,52,32,23,24,17,18,29,30,31,63,64,65],"class_list":["post-513322","post","type-post","status-publish","format-standard","has-post-thumbnail","category-mundo","tag-alerta","tag-american-airlines","tag-analise","tag-ao-minuto","tag-aviao","tag-baltimore","tag-breaking-news","tag-breakingnews","tag-cnn","tag-cnn-portugal","tag-comentadores","tag-costa","tag-crime","tag-desporto","tag-direto","tag-economia","tag-featured-news","tag-featurednews","tag-governo","tag-guerra","tag-headlines","tag-justica","tag-latest-news","tag-latestnews","tag-live","tag-main-news","tag-mainnews","tag-mais-vistas","tag-marcelo","tag-mundo","tag-negocios","tag-news","tag-noticias","tag-noticias-principais","tag-noticiasprincipais","tag-opiniao","tag-pais","tag-pasageiro","tag-politica","tag-portugal","tag-principais-noticias","tag-principaisnoticias","tag-top-stories","tag-topstories","tag-ultimas","tag-ultimas-noticias","tag-ultimasnoticias","tag-world","tag-world-news","tag-worldnews"],"share_on_mastodon":{"url":"","error":"Validation failed: Text character limit of 500 exceeded"},"_links":{"self":[{"href":"https:\/\/www.europesays.com\/pt\/wp-json\/wp\/v2\/posts\/513322","targetHints":{"allow":["GET"]}}],"collection":[{"href":"https:\/\/www.europesays.com\/pt\/wp-json\/wp\/v2\/posts"}],"about":[{"href":"https:\/\/www.europesays.com\/pt\/wp-json\/wp\/v2\/types\/post"}],"author":[{"embeddable":true,"href":"https:\/\/www.europesays.com\/pt\/wp-json\/wp\/v2\/users\/2"}],"replies":[{"embeddable":true,"href":"https:\/\/www.europesays.com\/pt\/wp-json\/wp\/v2\/comments?post=513322"}],"version-history":[{"count":0,"href":"https:\/\/www.europesays.com\/pt\/wp-json\/wp\/v2\/posts\/513322\/revisions"}],"wp:featuredmedia":[{"embeddable":true,"href":"https:\/\/www.europesays.com\/pt\/wp-json\/wp\/v2\/media\/513323"}],"wp:attachment":[{"href":"https:\/\/www.europesays.com\/pt\/wp-json\/wp\/v2\/media?parent=513322"}],"wp:term":[{"taxonomy":"category","embeddable":true,"href":"https:\/\/www.europesays.com\/pt\/wp-json\/wp\/v2\/categories?post=513322"},{"taxonomy":"post_tag","embeddable":true,"href":"https:\/\/www.europesays.com\/pt\/wp-json\/wp\/v2\/tags?post=513322"}],"curies":[{"name":"wp","href":"https:\/\/api.w.org\/{rel}","templated":true}]}}