{"id":513326,"date":"2026-09-06T01:17:18","date_gmt":"2026-09-06T01:17:18","guid":{"rendered":"https:\/\/www.europesays.com\/pt\/513326\/"},"modified":"2026-09-06T01:17:18","modified_gmt":"2026-09-06T01:17:18","slug":"vuelta-a-espanha-2026-vitoria-para-marco-brenner-e-top-10-para-joao-almeida","status":"publish","type":"post","link":"https:\/\/www.europesays.com\/pt\/513326\/","title":{"rendered":"Vuelta a Espanha 2026 |\u00a0Vit\u00f3ria para Marco Brenner e top 10 para Jo\u00e3o Almeida"},"content":{"rendered":"<p>No dia em que anunciou a renova\u00e7\u00e3o do contrato de Tadej Pogacar, at\u00e9 2032, a UAE Emirates meteu Jo\u00e3o Almeida no top 10 da 14.\u00aa etapa da <a href=\"https:\/\/www.topcycling.pt\/wp-admin\/post.php?post=65242&amp;action=edit\" rel=\"nofollow noopener\" target=\"_blank\"><strong>Vuelta a Espanha 2026<\/strong><\/a>, que foi ganha por Marco Brenner (Tudor).<\/p>\n<p>Pelo segundo dia consecutivo, mais de 40 corredores tiveram via verde para discutir a etapa. Se na sexta-feira <strong><a href=\"https:\/\/www.topcycling.pt\/vuelta-a-espanha-2026-van-aert-vence-a-base-da-forca\/\" rel=\"nofollow noopener\" target=\"_blank\">Wout Van Aert aproveitou para picar o ponto<\/a><\/strong>, este s\u00e1bado foi a vez do alem\u00e3o Brenner mostrar que est\u00e1 na sua melhor forma de sempre: no espa\u00e7o de um m\u00eas estreou-se a vencer em Grandes Voltas e tamb\u00e9m no WorldTour, j\u00e1 que foi o campe\u00e3o da Volta \u00e0 Pol\u00f3nia.<\/p>\n<p>At\u00e9 agora, oito equipas dividiram as 14 etapas da Vuelta: Visma e UAE t\u00eam quatro triunfos, enquanto que Bahrain, Movistar, Cofidis, Uno-X , Groupama FDJ e, agora, Tudor, t\u00eam uma vit\u00f3ria cada. Esta foi tamb\u00e9m a primeira vit\u00f3ria da Tudor numa Grande Volta.<\/p>\n<p>Bom dia para os portugueses na Vuelta, j\u00e1 que Ivo Oliveira foi fundamental no apoio a <strong><a href=\"https:\/\/www.topcycling.pt\/joao-almeida-na-vuelta-vou-tentar-estar-na-frente-com-os-melhores\/\" rel=\"nofollow noopener\" target=\"_blank\">Jo\u00e3o Almeida<\/a><\/strong>. O 10.\u00ba posto \u00e9 a confirma\u00e7\u00e3o de que o craque de A dos Francos vem de menos a mais na corrida.<\/p>\n<p><strong><a href=\"https:\/\/www.topcycling.pt\/la-vuelta-26-as-etapas-os-inscritos-datas-horarios-transmissoes\/\" rel=\"nofollow noopener\" target=\"_blank\">Vuelta\u00a0a Espanha 2026\u00a0\u2013 Guia com as etapas, os inscritos, datas, hor\u00e1rios e transmiss\u00f5es<\/a><\/strong><\/p>\n<p><img loading=\"lazy\" decoding=\"async\" width=\"1680\" height=\"1119\" src=\"https:\/\/www.europesays.com\/pt\/wp-content\/uploads\/2026\/09\/vuelta-espanha-kevin-vermaerke-A.S.O-Cxcling-Toni-Baixauli-BX9_0802.jpg\" alt=\"\" class=\"wp-image-65263\"  \/>Kevin Vermaerke foi o mais combativo do dia.<br \/>Foto: A.S.O Cxcling-Toni Baixauli<\/p>\n<p>Enric Mas ganhou tempo a Primoz Roglic<\/p>\n<p>A luta pela classifica\u00e7\u00e3o geral cozinhou-se em lume brando, sem pressa e com a Movistar a fazer de mestre de cerim\u00f3nias.<\/p>\n<p>Os espanh\u00f3is controlaram a etapa e deram muita margem \u00e0 fuga, onde a presen\u00e7a de Clement Berthet (Groupama FDJ) e Cristi\u00e1n Rodrigu\u00e9z (XDS Astana) foi uma constante amea\u00e7a a quem quer fechar no top 5. O espanhol subiu ao 8.\u00ba lugar e o franc\u00eas ao 9.\u00ba, mas t\u00eam agora o top 5 a menos de 1:30, dado que Oscar Onley (Netcompany) perdeu tempo.<\/p>\n<p>Nenhuma das equipas rivais mordeu o anzol e a Movistar levou a etapa como quis, com a seguran\u00e7a de ter infiltrado na escapada Pablo Castrillo e Ra\u00fal Garcia, os mesmo que fizeram um trabalho excelente para Enric Mas na <strong><a href=\"https:\/\/www.topcycling.pt\/vuelta-a-espanha-2026-omrzel-e-a-nova-estrela-eslovena\/\" rel=\"nofollow noopener\" target=\"_blank\">12.\u00aa etapa<\/a><\/strong>.<\/p>\n<p><img loading=\"lazy\" decoding=\"async\" width=\"1680\" height=\"1120\" src=\"https:\/\/www.europesays.com\/pt\/wp-content\/uploads\/2026\/09\/vuelta-enric-mas-A.S.O-Cxcling-Toni-Baixauli-BX9_0402.jpg\" alt=\"\" class=\"wp-image-65294\"  \/>Mas sempre bem apoiado pelos colegas.<br \/>Foto: A.S.O Cxcling-Toni Baixauli<\/p>\n<p>Tudo se decidiu nas rampas inclinadas de La Pandera, onde Enric Mas e Felix Gall (Decathlon) tiveram uma presta\u00e7\u00e3o s\u00f3lida, aproveitando para meter mais 0:25 a Primoz Roglic (Red Bull) e 0:31 a Richard Carapaz (EF Education).<\/p>\n<p>O equatoriano, que ganhou em La Pandera em 2022, foi o primeiro a atacar no reduzido grupo de favoritos, mas n\u00e3o foi bem sucedido. Enric Mas n\u00e3o s\u00f3 mant\u00e9m a camisola vermelha, como passa a ter 2:06 e 2:10 sobre Gall e sobre Roglic, j\u00e1 que o austr\u00edaco trocou de posi\u00e7\u00e3o com o esloveno.<\/p>\n<p><img loading=\"lazy\" decoding=\"async\" width=\"1680\" height=\"1120\" src=\"https:\/\/www.europesays.com\/pt\/wp-content\/uploads\/2026\/09\/vuelta-espanha-A.S.O-Cxcling-Toni-Baixauli-BX9_0218.jpg\" alt=\"\" class=\"wp-image-65266\"  \/>O pelot\u00e3o no \u201cMar de Oliveira\u201d na prov\u00edncia de Ja\u00e9n.<br \/>Foto: A.S.O Cxcling-Toni Baixauli<\/p>\n<p>V\u00eddeo resumo<\/p>\n<p><strong><a href=\"#\" class=\"OpenCookiePreferences\"\/><\/strong><strong><b>Est\u00e1 a ver este aviso em vez de um conte\u00fado porque bloqueou os cookies no nosso site. Clique neste link para ativar os cookies e aceder ao conteudo<\/b>.<\/strong><\/p>\n<p>Classifica\u00e7\u00e3o da etapa<\/p>\n<tr>\nPos.<br \/>\nCiclista<br \/>\nEquipa<br \/>\nTempo<br \/>\nBonifica\u00e7\u00e3o<br \/>\n<\/tr>\n<tr>\n<td>1<\/td>\n<td>Marco Brenner<\/td>\n<td>TUDOR PRO CYCLING TEAM<\/td>\n<td>04h 15\u2032 09\u2033<\/td>\n<td>B : 10\u2033<\/td>\n<\/tr>\n<tr>\n<td>2<\/td>\n<td>Santiago Buitrago<\/td>\n<td>BAHRAIN VICTORIOUS<\/td>\n<td>+ 00\u2032 01\u2033<\/td>\n<td>B : 06\u2033<\/td>\n<\/tr>\n<tr>\n<td>3<\/td>\n<td>Cristian Rodr\u00edguez<\/td>\n<td>XDS ASTANA TEAM<\/td>\n<td>+ 00\u2032 11\u2033<\/td>\n<td>B : 08\u2033<\/td>\n<\/tr>\n<tr>\n<td>4<\/td>\n<td>Ivan Sosa<\/td>\n<td>EQUIPO KERN PHARMA<\/td>\n<td>+ 00\u2032 14\u2033<\/td>\n<td>\u2013<\/td>\n<\/tr>\n<tr>\n<td>5<\/td>\n<td>Valentin Paret-Peintre<\/td>\n<td>SOUDAL QUICK-STEP<\/td>\n<td>+ 00\u2032 22\u2033<\/td>\n<td>\u2013<\/td>\n<\/tr>\n<tr>\n<td>6<\/td>\n<td>Cl\u00e9ment Berthet<\/td>\n<td>GROUPAMA-FDJ UNITED<\/td>\n<td>+ 00\u2032 27\u2033<\/td>\n<td>B : 02\u2033<\/td>\n<\/tr>\n<tr>\n<td>7<\/td>\n<td>J\u00f8rgen Nordhagen<\/td>\n<td>TEAM VISMA | LEASE A BIKE<\/td>\n<td>+ 00\u2032 39\u2033<\/td>\n<td>\u2013<\/td>\n<\/tr>\n<tr>\n<td>8<\/td>\n<td>Filippo Zana<\/td>\n<td>SOUDAL QUICK-STEP<\/td>\n<td>+ 00\u2032 43\u2033<\/td>\n<td>\u2013<\/td>\n<\/tr>\n<tr>\n<td>9<\/td>\n<td>Walter Calzoni<\/td>\n<td>PINARELLO-Q36.5 PRO CYCLING TEAM<\/td>\n<td>+ 01\u2032 06\u2033<\/td>\n<td>\u2013<\/td>\n<\/tr>\n<tr>\n<td>10<\/td>\n<td>Joao Almeida<\/td>\n<td>UAE TEAM EMIRATES XRG<\/td>\n<td>+ 01\u2032 09\u2033<\/td>\n<td>\u2013<\/td>\n<\/tr>\n<p>Classifica\u00e7\u00e3o geral<\/p>\n<tr>\nPos.<br \/>\nCiclista<br \/>\nEquipa<br \/>\nTempo<br \/>\nBonifica\u00e7\u00e3o<br \/>\n<\/tr>\n<tr>\n<td>1<\/td>\n<td>Enric Mas<\/td>\n<td>MOVISTAR TEAM<\/td>\n<td>49h 28\u2032 12\u2033<\/td>\n<td>B : 22\u2033<\/td>\n<\/tr>\n<tr>\n<td>2<\/td>\n<td>F\u00e9lix Gall<\/td>\n<td>DECATHLON CMA CGM TEAM<\/td>\n<td>+ 02\u2032 06\u2033<\/td>\n<td>B : 08\u2033<\/td>\n<\/tr>\n<tr>\n<td>3<\/td>\n<td>Primo\u017e Rogli\u010d<\/td>\n<td>RED BULL \u2013 BORA \u2013 HANSGROHE<\/td>\n<td>+ 02\u2032 10\u2033<\/td>\n<td>B : 04\u2033<\/td>\n<\/tr>\n<tr>\n<td>4<\/td>\n<td>Richard Carapaz<\/td>\n<td>EF EDUCATION \u2013 EASYPOST<\/td>\n<td>+ 04\u2032 24\u2033<\/td>\n<td>\u2013<\/td>\n<\/tr>\n<tr>\n<td>5<\/td>\n<td>Oscar Onley<\/td>\n<td>NETCOMPANY INEOS CYCLING TEAM<\/td>\n<td>+ 05\u2032 44\u2033<\/td>\n<td>B : 10\u2033<\/td>\n<\/tr>\n<tr>\n<td>6<\/td>\n<td>Jakob Omrzel<\/td>\n<td>BAHRAIN VICTORIOUS<\/td>\n<td>+ 06\u2032 14\u2033<\/td>\n<td>B : 10\u2033<\/td>\n<\/tr>\n<tr>\n<td>7<\/td>\n<td>Mattias Skjelmose<\/td>\n<td>LIDL-TREK<\/td>\n<td>+ 06\u2032 49\u2033<\/td>\n<td>B : 02\u2033<\/td>\n<\/tr>\n<tr>\n<td>8<\/td>\n<td>Cristian Rodr\u00edguez<\/td>\n<td>XDS ASTANA TEAM<\/td>\n<td>+ 07\u2032 01\u2033<\/td>\n<td>B : 12\u2033<\/td>\n<\/tr>\n<tr>\n<td>9<\/td>\n<td>Cl\u00e9ment Berthet<\/td>\n<td>GROUPAMA-FDJ UNITED<\/td>\n<td>+ 07\u2032 19\u2033<\/td>\n<td>B : 02\u2033<\/td>\n<\/tr>\n<tr>\n<td>10<\/td>\n<td>Sepp Kuss<\/td>\n<td>TEAM VISMA | LEASE A BIKE<\/td>\n<td>+ 08\u2032 55\u2033<\/td>\n<td>\u2013<\/td>\n<\/tr>\n","protected":false},"excerpt":{"rendered":"No dia em que anunciou a renova\u00e7\u00e3o do contrato de Tadej Pogacar, at\u00e9 2032, a UAE Emirates meteu&hellip;\n","protected":false},"author":2,"featured_media":513327,"comment_status":"","ping_status":"","sticky":false,"template":"","format":"standard","meta":{"footnotes":"","_share_on_mastodon":"0"},"categories":[87],"tags":[5545,135,10298,13,32,33,134,13990],"class_list":["post-513326","post","type-post","status-publish","format-standard","has-post-thumbnail","category-desporto","tag-competicao","tag-desporto","tag-estrada","tag-noticias","tag-portugal","tag-pt","tag-sports","tag-vuelta-a-espanha"],"share_on_mastodon":{"url":"https:\/\/pubeurope.com\/@pt\/117221461824312340","error":""},"_links":{"self":[{"href":"https:\/\/www.europesays.com\/pt\/wp-json\/wp\/v2\/posts\/513326","targetHints":{"allow":["GET"]}}],"collection":[{"href":"https:\/\/www.europesays.com\/pt\/wp-json\/wp\/v2\/posts"}],"about":[{"href":"https:\/\/www.europesays.com\/pt\/wp-json\/wp\/v2\/types\/post"}],"author":[{"embeddable":true,"href":"https:\/\/www.europesays.com\/pt\/wp-json\/wp\/v2\/users\/2"}],"replies":[{"embeddable":true,"href":"https:\/\/www.europesays.com\/pt\/wp-json\/wp\/v2\/comments?post=513326"}],"version-history":[{"count":0,"href":"https:\/\/www.europesays.com\/pt\/wp-json\/wp\/v2\/posts\/513326\/revisions"}],"wp:featuredmedia":[{"embeddable":true,"href":"https:\/\/www.europesays.com\/pt\/wp-json\/wp\/v2\/media\/513327"}],"wp:attachment":[{"href":"https:\/\/www.europesays.com\/pt\/wp-json\/wp\/v2\/media?parent=513326"}],"wp:term":[{"taxonomy":"category","embeddable":true,"href":"https:\/\/www.europesays.com\/pt\/wp-json\/wp\/v2\/categories?post=513326"},{"taxonomy":"post_tag","embeddable":true,"href":"https:\/\/www.europesays.com\/pt\/wp-json\/wp\/v2\/tags?post=513326"}],"curies":[{"name":"wp","href":"https:\/\/api.w.org\/{rel}","templated":true}]}}