{"id":513334,"date":"2026-09-06T01:31:19","date_gmt":"2026-09-06T01:31:19","guid":{"rendered":"https:\/\/www.europesays.com\/pt\/513334\/"},"modified":"2026-09-06T01:31:19","modified_gmt":"2026-09-06T01:31:19","slug":"surpresa-sporting-contrata-ramos-no-ultimo-dia-de-mercado-e-deixa-sair-um-guarda-redes","status":"publish","type":"post","link":"https:\/\/www.europesays.com\/pt\/513334\/","title":{"rendered":"Surpresa! Sporting contrata Ramos no \u00faltimo dia de mercado e deixa sair um guarda-redes"},"content":{"rendered":"<p>O <a href=\"https:\/\/leonino.pt\/ultimo-dia-do-mercado-de-transferencias-siga-as-movimentacoes-do-sporting-ao-minuto-20260904092911\" target=\"_blank\" rel=\"nofollow noopener\">mercado de transfer\u00eancias de ver\u00e3o chegou ao fim<\/a>, esta sexta-feira, dia 4 de setembro. <b>O<\/b> <a href=\"https:\/\/www.sporting.pt\/pt\" target=\"_blank\" rel=\"nofollow noopener\">Sporting<\/a> <b>aproveitou o derradeiro dia para fazer uma troca com o Torreense<\/b>, curiosamente o advers\u00e1rio na final da Ta\u00e7a de Portugal na \u00e9poca transata.<\/p>\n<p><\/p>\n<p><b>O Clube assegurou<\/b><a href=\"https:\/\/www.zerozero.pt\/jogador\/rodrigo-ramos\/764983\" target=\"_blank\" rel=\"nofollow noopener\"> Rodrigo Ramos<\/a>,<b> jovem extremo, de 16 anos, que pertencia aos quadros do emblema de Torres Vedras<\/b>. Por outro lado, num neg\u00f3cio diferente, o guarda-redes Diogo Clara, de 20 anos, a fazer o sentido inverso e a rumar ao Oeste do pa\u00eds.<\/p>\n<p>Esta temporada, <b>Ramos foi utilizado em tr\u00eas partidas pela equipa de juvenis dos azuis e gren\u00e1s, tendo apontado dois golos<\/b>, nas derrotas frente a Real (3-2) e Alverca (3-2). Curiosamente, a \u00fanica vit\u00f3ria do Torreense nesta edi\u00e7\u00e3o do campeonato sub-17 foi em Alcochete por 1-0.\u00a0<\/p>\n<p><\/p>\n<p>Depois de ter iniciado a travessia no desporto pelo futsal &#8211; onde representou o Benfica -, Rodrigo Ramos mudou para o futebol atrav\u00e9s do Ponte Frielas, destacando-se depois pelo Real, antes de assinar pelo Torreense. <b>Segue-se agora um novo cap\u00edtulo para o extremo esquerdo, que ir\u00e1 integrar, inicialmente, a equipa de juvenis da forma\u00e7\u00e3o verde e branca<\/b>.\u00a0<\/p>\n<p><b>Por outro lado, Diogo Clara, que na \u00faltima temporada apenas tinha alinhado em sete jogos nos sub-23, despede-se do Sporting, quatro anos depois de ter chegado em Alcochete<\/b>, vindo do Estoril. O Torreense ser\u00e1 o 7.\u00ba clube que ir\u00e1 representar na carreira.\u00a0<\/p>\n<p><\/p>\n","protected":false},"excerpt":{"rendered":"O mercado de transfer\u00eancias de ver\u00e3o chegou ao fim, esta sexta-feira, dia 4 de setembro. O Sporting aproveitou&hellip;\n","protected":false},"author":2,"featured_media":513335,"comment_status":"","ping_status":"","sticky":false,"template":"","format":"standard","meta":{"footnotes":"","_share_on_mastodon":"0"},"categories":[87],"tags":[135,32,33,15477,34,134],"class_list":["post-513334","post","type-post","status-publish","format-standard","has-post-thumbnail","category-desporto","tag-desporto","tag-portugal","tag-pt","tag-ramos","tag-sporting","tag-sports"],"share_on_mastodon":{"url":"https:\/\/pubeurope.com\/@pt\/117221515893969973","error":""},"_links":{"self":[{"href":"https:\/\/www.europesays.com\/pt\/wp-json\/wp\/v2\/posts\/513334","targetHints":{"allow":["GET"]}}],"collection":[{"href":"https:\/\/www.europesays.com\/pt\/wp-json\/wp\/v2\/posts"}],"about":[{"href":"https:\/\/www.europesays.com\/pt\/wp-json\/wp\/v2\/types\/post"}],"author":[{"embeddable":true,"href":"https:\/\/www.europesays.com\/pt\/wp-json\/wp\/v2\/users\/2"}],"replies":[{"embeddable":true,"href":"https:\/\/www.europesays.com\/pt\/wp-json\/wp\/v2\/comments?post=513334"}],"version-history":[{"count":0,"href":"https:\/\/www.europesays.com\/pt\/wp-json\/wp\/v2\/posts\/513334\/revisions"}],"wp:featuredmedia":[{"embeddable":true,"href":"https:\/\/www.europesays.com\/pt\/wp-json\/wp\/v2\/media\/513335"}],"wp:attachment":[{"href":"https:\/\/www.europesays.com\/pt\/wp-json\/wp\/v2\/media?parent=513334"}],"wp:term":[{"taxonomy":"category","embeddable":true,"href":"https:\/\/www.europesays.com\/pt\/wp-json\/wp\/v2\/categories?post=513334"},{"taxonomy":"post_tag","embeddable":true,"href":"https:\/\/www.europesays.com\/pt\/wp-json\/wp\/v2\/tags?post=513334"}],"curies":[{"name":"wp","href":"https:\/\/api.w.org\/{rel}","templated":true}]}}