{"id":513340,"date":"2026-09-06T01:45:26","date_gmt":"2026-09-06T01:45:26","guid":{"rendered":"https:\/\/www.europesays.com\/pt\/513340\/"},"modified":"2026-09-06T01:45:26","modified_gmt":"2026-09-06T01:45:26","slug":"carolina-seixal-despede-se-do-sporting-apos-saida-de-daniel-braganca","status":"publish","type":"post","link":"https:\/\/www.europesays.com\/pt\/513340\/","title":{"rendered":"Carolina Seixal despede-se do Sporting ap\u00f3s sa\u00edda de Daniel Bragan\u00e7a"},"content":{"rendered":"<p>A mudan\u00e7a de <strong>Daniel Bragan\u00e7a<\/strong> (27) para It\u00e1lia representa muito mais do que um novo desafio profissional. Para <strong>Carolina Seixal<\/strong> (28), significa tamb\u00e9m a despedida de um lugar que, ao longo da \u00faltima d\u00e9cada, se confundiu com a pr\u00f3pria hist\u00f3ria do casal. Depois de o m\u00e9dio deixar o Sporting para refor\u00e7ar o Torino, a criadora de conte\u00fados recorreu \u00e0s redes sociais para assinalar o fim deste cap\u00edtulo e agradecer ao clube pelos anos vividos de verde e branco.<\/p>\n<p>\u201cCresci a saber o que \u00e9 o Sporting, mas nunca imaginei que um dia este clube faria parte da minha vida desta forma\u201d, escreveu Carolina. Na mensagem, recordou que foi em redor do universo leonino que ambos cresceram, celebraram alguns dos dias mais felizes das suas vidas e enfrentaram tamb\u00e9m fases particularmente dif\u00edceis.<\/p>\n<p>A despedida ganha um significado especial pela longa liga\u00e7\u00e3o de Daniel Bragan\u00e7a ao <a href=\"https:\/\/caras.pt\/famosos\/2026-08-31-ex-presidente-do-sporting-surge-irreconhecivel-e-revela-transformacao-fisica-18-kg\/\" rel=\"nofollow noopener\" target=\"_blank\">Sporting.<\/a> O futebolista chegou ainda crian\u00e7a ao clube e sai aos 27 anos, depois de praticamente duas d\u00e9cadas de liga\u00e7\u00e3o aos le\u00f5es. Pelo caminho, afirmou-se na equipa principal, enfrentou duas graves les\u00f5es nos ligamentos cruzados e conquistou, entre outros trof\u00e9us, tr\u00eas campeonatos nacionais.<\/p>\n<p>Carolina esteve ao seu lado durante uma parte importante desse percurso. Juntos h\u00e1 cerca de dez anos, viveram de perto os momentos de maior alegria, mas tamb\u00e9m os per\u00edodos mais delicados da carreira do jogador. \u00c9 precisamente essa dimens\u00e3o pessoal que atravessa a mensagem que deixou agora ao Sporting.<\/p>\n<p><img decoding=\"async\" loading=\"lazy\" class=\" wp-image-612261\" src=\"https:\/\/www.europesays.com\/pt\/wp-content\/uploads\/2026\/09\/260904_SaveClip.App_791942684_18486562168104590_6647575185758367396_n.jpg\" alt=\"\" width=\"711\" height=\"474\"  \/>Daniel Bragan\u00e7a e Carolina Seixal celebram juntos uma das conquistas do Sporting. A companheira do futebolista acompanhou de perto cerca de uma d\u00e9cada do percurso do m\u00e9dio no clube de Alvalade \u2013 Foto: Reprodu\u00e7\u00e3o\/Instagram<strong>\u2018O Sporting deu-nos tudo\u2019<\/strong><\/p>\n<p>Na hora de dizer adeus, Carolina Seixal n\u00e3o escondeu a import\u00e2ncia que o clube conquistou na vida dos dois. \u201cO Sporting deu-nos tudo\u201d, afirmou, numa mensagem em que destacou as mem\u00f3rias constru\u00eddas em Alvalade e as pessoas que encontraram durante esta longa caminhada.<\/p>\n<p>A despedida acontece poucos dias depois de Daniel Bragan\u00e7a tamb\u00e9m ter dirigido palavras sentidas aos sportinguistas. \u201cForam 19 anos e 6 meses, praticamente 20 anos, \u00e9 uma vida\u201d, recordou o m\u00e9dio. Na sua mensagem, admitiu que gostaria de ter tido a oportunidade de se despedir num Est\u00e1dio Jos\u00e9 Alvalade cheio, mas garantiu sair de \u201ccora\u00e7\u00e3o cheio\u201d e com mem\u00f3rias para toda a vida.<\/p>\n<blockquote class=\"instagram-media\" style=\"background: #FFF; border: 0; border-radius: 3px; box-shadow: 0 0 1px 0 rgba(0,0,0,0.5),0 1px 10px 0 rgba(0,0,0,0.15); margin: 1px; max-width: 540px; min-width: 326px; padding: 0; width: calc(100% - 2px);\" data-instgrm-captioned=\"\" data-instgrm-permalink=\"https:\/\/www.instagram.com\/reel\/DcwgnB0upBA\/?utm_source=ig_embed&amp;utm_campaign=loading\" data-instgrm-version=\"14\">\n<\/blockquote>\n<p>Oficializado pelo Torino a 1 de setembro, Daniel chega ao futebol italiano por empr\u00e9stimo, com uma op\u00e7\u00e3o de compra que se transforma numa obriga\u00e7\u00e3o mediante determinadas condi\u00e7\u00f5es. O clube de Turim confirmou ainda o percurso do portugu\u00eas ao servi\u00e7o do Sporting: 161 jogos, 17 golos e 15 assist\u00eancias.<\/p>\n<p>Para Daniel Bragan\u00e7a e Carolina Seixal come\u00e7a, assim, uma nova fase longe de Lisboa. Turim ser\u00e1 agora o cen\u00e1rio de uma hist\u00f3ria constru\u00edda ao longo de uma d\u00e9cada e profundamente ligada ao Sporting. A dist\u00e2ncia, por\u00e9m, n\u00e3o apaga o v\u00ednculo emocional que ficou. Na despedida, Carolina deixou claro que leva consigo muito mais do que recorda\u00e7\u00f5es de futebol: leva uma parte importante da vida que os dois constru\u00edram juntos.<\/p>\n<blockquote class=\"instagram-media\" style=\"background: #FFF; border: 0; border-radius: 3px; box-shadow: 0 0 1px 0 rgba(0,0,0,0.5),0 1px 10px 0 rgba(0,0,0,0.15); margin: 1px; max-width: 540px; min-width: 326px; padding: 0; width: calc(100% - 2px);\" data-instgrm-captioned=\"\" data-instgrm-permalink=\"https:\/\/www.instagram.com\/p\/DczHRFDDciM\/?utm_source=ig_embed&amp;utm_campaign=loading\" data-instgrm-version=\"14\">\n<\/blockquote>\n<p>                <script async src=\"\/\/www.instagram.com\/embed.js\"><\/script><\/p>\n","protected":false},"excerpt":{"rendered":"A mudan\u00e7a de Daniel Bragan\u00e7a (27) para It\u00e1lia representa muito mais do que um novo desafio profissional. Para&hellip;\n","protected":false},"author":2,"featured_media":513341,"comment_status":"","ping_status":"","sticky":false,"template":"","format":"standard","meta":{"footnotes":"","_share_on_mastodon":"0"},"categories":[87],"tags":[135,32,33,134],"class_list":["post-513340","post","type-post","status-publish","format-standard","has-post-thumbnail","category-desporto","tag-desporto","tag-portugal","tag-pt","tag-sports"],"share_on_mastodon":{"url":"https:\/\/pubeurope.com\/@pt\/117221571707168095","error":""},"_links":{"self":[{"href":"https:\/\/www.europesays.com\/pt\/wp-json\/wp\/v2\/posts\/513340","targetHints":{"allow":["GET"]}}],"collection":[{"href":"https:\/\/www.europesays.com\/pt\/wp-json\/wp\/v2\/posts"}],"about":[{"href":"https:\/\/www.europesays.com\/pt\/wp-json\/wp\/v2\/types\/post"}],"author":[{"embeddable":true,"href":"https:\/\/www.europesays.com\/pt\/wp-json\/wp\/v2\/users\/2"}],"replies":[{"embeddable":true,"href":"https:\/\/www.europesays.com\/pt\/wp-json\/wp\/v2\/comments?post=513340"}],"version-history":[{"count":0,"href":"https:\/\/www.europesays.com\/pt\/wp-json\/wp\/v2\/posts\/513340\/revisions"}],"wp:featuredmedia":[{"embeddable":true,"href":"https:\/\/www.europesays.com\/pt\/wp-json\/wp\/v2\/media\/513341"}],"wp:attachment":[{"href":"https:\/\/www.europesays.com\/pt\/wp-json\/wp\/v2\/media?parent=513340"}],"wp:term":[{"taxonomy":"category","embeddable":true,"href":"https:\/\/www.europesays.com\/pt\/wp-json\/wp\/v2\/categories?post=513340"},{"taxonomy":"post_tag","embeddable":true,"href":"https:\/\/www.europesays.com\/pt\/wp-json\/wp\/v2\/tags?post=513340"}],"curies":[{"name":"wp","href":"https:\/\/api.w.org\/{rel}","templated":true}]}}