{"id":513346,"date":"2026-09-06T02:00:13","date_gmt":"2026-09-06T02:00:13","guid":{"rendered":"https:\/\/www.europesays.com\/pt\/513346\/"},"modified":"2026-09-06T02:00:13","modified_gmt":"2026-09-06T02:00:13","slug":"milhoes-de-pessoas-em-todo-mundo-vao-contrair-sarampo-em-2026","status":"publish","type":"post","link":"https:\/\/www.europesays.com\/pt\/513346\/","title":{"rendered":"Milh\u00f5es de pessoas em todo mundo v\u00e3o contrair sarampo em 2026"},"content":{"rendered":"<p>Por <\/p>\n<p>\t\t\t\tReda\u00e7\u00e3o R\u00e1dio Pampa\t<\/p>\n<p>\t\t\t\t | 5 de setembro de 2026<\/p>\n<p><img width=\"768\" height=\"471\" src=\"https:\/\/www.europesays.com\/pt\/wp-content\/uploads\/2026\/09\/ssarampo-1.jpg\" class=\"webfeedsFeaturedVisual wp-post-image\" alt=\"\" style=\"display: block; margin: auto; margin-bottom: 5px;max-width: 100%;\" link_thumbnail=\"\" decoding=\"async\" loading=\"lazy\"  \/><\/p>\n<p>A Organiza\u00e7\u00e3o Mundial da Sa\u00fade (OMS) estima que quase 11 milh\u00f5es v\u00e3o contrair o v\u00edrus causador do sarampo em 2026. A maioria desses casos ser\u00e1 na \u00c1frica e na \u00c1sia, mas muitos pa\u00edses das Am\u00e9ricas e Europa est\u00e3o relatando surtos que afetam centenas ou at\u00e9 milhares de pessoas.<\/p>\n<p>O n\u00famero total de casos de sarampo por ano vinha caindo de uma estimativa de 38 milh\u00f5es em 2000 para cerca de 10 milh\u00f5es em 2019. Mas essa tend\u00eancia se inverteu desde a pandemia da covid-19. Os casos de sarampo e o n\u00famero de pa\u00edses que enfrentam epidemias da doen\u00e7a aumentaram \u00e0 medida que a taxa de vacina\u00e7\u00e3o em algumas popula\u00e7\u00f5es diminuiu.<\/p>\n<p>N\u00e3o h\u00e1 tratamento para o sarampo, mas as vacinas provaram ser seguras e eficazes na preven\u00e7\u00e3o da doen\u00e7a. Pessoas n\u00e3o vacinadas que contraem sarampo correm o risco de complica\u00e7\u00f5es graves que podem levar \u00e0 surdez, cegueira e morte. O risco de um desfecho adverso \u00e9 maior em pessoas desnutridas e sem acesso a cuidados m\u00e9dicos adequados.<br \/>Os fatores espec\u00edficos que levam a epidemias de sarampo variam de acordo com o pa\u00eds, mas a causa subjacente em todos os lugares \u00e9 a redu\u00e7\u00e3o nas taxas de vacina\u00e7\u00e3o.<\/p>\n<p>Como o sarampo \u00e9 altamente contagioso, a taxa de cobertura vacinal precisa estar acima de 95% para proteger uma comunidade contra surtos, criando o que \u00e9 conhecido como \u201cimunidade coletiva\u201d, ou \u201cimunidade de rebanho\u201d. Uma dose da vacina contra o sarampo protege a maioria das pessoas contra a doen\u00e7a, mas s\u00e3o recomendadas duas doses para aumentar a efic\u00e1cia.<\/p>\n<p><strong>Pa\u00edses mais pobres<\/strong><\/p>\n<p>A maioria dos pa\u00edses de alta renda apresenta taxas de vacina\u00e7\u00e3o contra o sarampo pr\u00f3ximas \u00e0 meta de 95%. Na Europa, a taxa m\u00e9dia de vacina\u00e7\u00e3o com uma dose \u00e9 de cerca de 94%, e a taxa de duas doses \u00e9 de cerca de 88%.<br \/>Nos EUA, mais de 90% das crian\u00e7as de at\u00e9 2 anos receberam pelo menos uma dose da vacina contra o sarampo e mais de 92% das crian\u00e7as em idade pr\u00e9-escolar receberam duas doses. A taxa de cobertura vacinal est\u00e1 acima de 95% em muitas comunidades, embora seja muito mais baixa em alguns distritos escolares.<\/p>\n<p>Em contrapartida, s\u00f3 cerca de 80% das crian\u00e7as pequenas em pa\u00edses de baixa e m\u00e9dia renda receberam pelo menos uma dose da vacina contra o sarampo, e apenas cerca de 70% receberam duas doses.<\/p>\n<p>A maioria das crian\u00e7as pequenas em pa\u00edses de alta renda conseguiu recuperar as doses perdidas antes de atingir a idade escolar. Mas, em pa\u00edses de baixa renda, milh\u00f5es de crian\u00e7as que perderam as vacina\u00e7\u00f5es de rotina durante a pandemia ainda s\u00e3o classificadas como \u201ccrian\u00e7as com zero doses\u201d, que n\u00e3o receberam nenhuma das vacinas recomendadas em seus pa\u00edses.<\/p>\n<p>Em 2026, foram relatadas epidemias de sarampo em pa\u00edses que passam por conflitos armados ou que abrigam refugiados deslocados pela guerra, como Burundi, Rep\u00fablica Democr\u00e1tica do Congo, Som\u00e1lia, Sud\u00e3o e l\u00eamen.<\/p>\n<p><strong>Aumento de casos<\/strong><\/p>\n<p>O Canad\u00e1 perdeu oficialmente seu status de elimina\u00e7\u00e3o do sarampo em novembro de 2025, ap\u00f3s mais de um ano de transmiss\u00e3o cont\u00ednua. J\u00e1 o M\u00e9xico e os EUA devem perder seu status de livres do sarampo quando o comit\u00ea de elimina\u00e7\u00e3o do sarampo da Opas (Organiza\u00e7\u00e3o Pan-Americana da Sa\u00fade) se reunir novamente em novembro de 2026.<\/p>\n<p>O sarampo come\u00e7ou a circular novamente no final de 2024 e in\u00edcio de 2025 no Canad\u00e1, no M\u00e9xico e nos EUA entre comunidades menonitas conservadoras, onde deixar as crian\u00e7as sem vacina\u00e7\u00e3o tornou-se a norma cultural.<br \/>Na Carolina do Sul e em Utah, surtos recentes foram associados a baixas taxas de vacina\u00e7\u00e3o entre grupos religiosos conservadores que n\u00e3o t\u00eam v\u00ednculo com as igrejas menonitas. J\u00e1 foram diagnosticados mais casos de sarampo nos EUA em 2026 do que em qualquer ano desde 1991.<\/p>\n<p>O v\u00edrus do sarampo, no entanto, n\u00e3o se restringiu \u00e0s comunidades religiosas e se espalhou para outros grupos populacionais com baixa cobertura vacinal. A epidemia que come\u00e7ou em aldeias menonitas no M\u00e9xico atingiu comunidades ind\u00edgenas vizinhas. Um surto que come\u00e7ou entre menonitas de l\u00edngua alem\u00e4 na Bol\u00edvia atravessou a fronteira com o Peru e foi ent\u00e3o amplificado por visitantes de grandes festivais culturais, que levaram o v\u00edrus para casa com eles. (As informa\u00e7\u00f5es s\u00e3o da revista Superinteressante e UOL)<\/p>\n","protected":false},"excerpt":{"rendered":"Por Reda\u00e7\u00e3o R\u00e1dio Pampa | 5 de setembro de 2026 A Organiza\u00e7\u00e3o Mundial da Sa\u00fade (OMS) estima que&hellip;\n","protected":false},"author":2,"featured_media":513347,"comment_status":"","ping_status":"","sticky":false,"template":"","format":"standard","meta":{"footnotes":"","_share_on_mastodon":"0"},"categories":[86],"tags":[116,32,33,117],"class_list":["post-513346","post","type-post","status-publish","format-standard","has-post-thumbnail","category-saude","tag-health","tag-portugal","tag-pt","tag-saude"],"share_on_mastodon":{"url":"https:\/\/pubeurope.com\/@pt\/117221630498061250","error":""},"_links":{"self":[{"href":"https:\/\/www.europesays.com\/pt\/wp-json\/wp\/v2\/posts\/513346","targetHints":{"allow":["GET"]}}],"collection":[{"href":"https:\/\/www.europesays.com\/pt\/wp-json\/wp\/v2\/posts"}],"about":[{"href":"https:\/\/www.europesays.com\/pt\/wp-json\/wp\/v2\/types\/post"}],"author":[{"embeddable":true,"href":"https:\/\/www.europesays.com\/pt\/wp-json\/wp\/v2\/users\/2"}],"replies":[{"embeddable":true,"href":"https:\/\/www.europesays.com\/pt\/wp-json\/wp\/v2\/comments?post=513346"}],"version-history":[{"count":0,"href":"https:\/\/www.europesays.com\/pt\/wp-json\/wp\/v2\/posts\/513346\/revisions"}],"wp:featuredmedia":[{"embeddable":true,"href":"https:\/\/www.europesays.com\/pt\/wp-json\/wp\/v2\/media\/513347"}],"wp:attachment":[{"href":"https:\/\/www.europesays.com\/pt\/wp-json\/wp\/v2\/media?parent=513346"}],"wp:term":[{"taxonomy":"category","embeddable":true,"href":"https:\/\/www.europesays.com\/pt\/wp-json\/wp\/v2\/categories?post=513346"},{"taxonomy":"post_tag","embeddable":true,"href":"https:\/\/www.europesays.com\/pt\/wp-json\/wp\/v2\/tags?post=513346"}],"curies":[{"name":"wp","href":"https:\/\/api.w.org\/{rel}","templated":true}]}}