{"id":513352,"date":"2026-09-06T02:10:38","date_gmt":"2026-09-06T02:10:38","guid":{"rendered":"https:\/\/www.europesays.com\/pt\/513352\/"},"modified":"2026-09-06T02:10:38","modified_gmt":"2026-09-06T02:10:38","slug":"resumo-de-quem-ama-cuida-capitulo-de-sabado-05-09-2026","status":"publish","type":"post","link":"https:\/\/www.europesays.com\/pt\/513352\/","title":{"rendered":"Resumo de \u2018Quem Ama, Cuida\u2019: Cap\u00edtulo de s\u00e1bado (05\/09\/2026)"},"content":{"rendered":"<p>O cap\u00edtulo deste s\u00e1bado (5) de Quem Ama, Cuida promete deixar algumas rela\u00e7\u00f5es por um fio \u2014 e outras cada vez mais complicadas. Adriana decide partir para a a\u00e7\u00e3o contra Ademir, enquanto Din\u00e1 entra em p\u00e2nico ao descobrir que Pilar j\u00e1 sabe sobre o roubo do anel de Arthur. E ainda tem crush inesperado, beijo que n\u00e3o sai da cabe\u00e7a e at\u00e9 Pilar demonstrando interesse por Tom. Vem a\u00ed!<\/p>\n<p>Depois dos conflitos entre as duas, <strong>Adriana aceita as desculpas de Dora<\/strong>. Mas a situa\u00e7\u00e3o envolvendo o div\u00f3rcio est\u00e1 longe de chegar ao fim. Pedro alerta Dora sobre Ademir e afirma que o pai pode usar o conhecimento que possui para tentar prolongar o div\u00f3rcio litigioso.<\/p>\n<p>Adriana, por\u00e9m, j\u00e1 tem uma ideia para mexer nesse tabuleiro. Ela avisa Mau Mau que pretende <strong>fazer Ademir flagrar Dora com Andr\u00e9<\/strong>. Parece que algu\u00e9m decidiu entrar oficialmente no modo estrategista!<\/p>\n<p>    Continua ap\u00f3s a publicidade<\/p>\n<p>Enquanto isso, Adriana tamb\u00e9m d\u00e1 alta para C\u00e9sar. O m\u00e9dico aproveita a oportunidade para convid\u00e1-la a trabalhar em sua cl\u00ednica, mas ela recusa a proposta. Bia, por sua vez, comenta com Bruna que C\u00e9sar pode estar encantado por Brigitte.<\/p>\n<p>Pilar descobre segredo de Din\u00e1<\/p>\n<p>O clima tamb\u00e9m pesa para Din\u00e1. Primeiro, ela amea\u00e7a Edvaldo. Depois, \u00e9 justamente ele quem conta a Pilar que <strong>Din\u00e1 roubou o anel de Arthur<\/strong>.<\/p>\n<p>    Continua ap\u00f3s a publicidade<\/p>\n<p>Ao descobrir que Pilar sabe o que aconteceu, Din\u00e1 fica com medo de perder o emprego. Ou seja: o segredo que ela provavelmente preferia manter bem escondido acaba chegando a uma pessoa que pode complicar bastante sua situa\u00e7\u00e3o.<\/p>\n<p>E Pilar tamb\u00e9m protagoniza outro momento que promete chamar aten\u00e7\u00e3o no cap\u00edtulo: durante um servi\u00e7o de Tom em sua casa, ela <strong>demonstra interesse pelo rapaz<\/strong>. Mau Mau e Elisa, por outro lado, s\u00e3o solid\u00e1rios com Dafne ao ouvirem a jovem reclamar justamente de Tom. Ih, esse nome est\u00e1 rendendo!<\/p>\n<p>    Continua ap\u00f3s a publicidade<\/p>\n<p>Beijo deixa Lyris mexida<\/p>\n<p>No campo dos romances, Lyris confessa a Nancy que ficou mexida com o <strong>beijo que deu em Ulisses<\/strong>. Sabe quando a cena acaba, mas continua passando em looping na cabe\u00e7a? Pois \u00e9\u2026<\/p>\n<p>Iuri tamb\u00e9m conversa com Lyris e revela que ainda n\u00e3o contou a Adriana sobre seu envolvimento com Ingrid. Para completar, Nicolau faz uma descoberta importante: ele fica sabendo que <strong>Iuri \u00e9 seguran\u00e7a de Pilar<\/strong>.<\/p>\n<p>    Continua ap\u00f3s a publicidade<\/p>\n<p>Entre segredos descobertos, interesses amorosos e o plano de Adriana para surpreender Ademir, o cap\u00edtulo de s\u00e1bado de Quem Ama, Cuida tem tudo para movimentar a trama \u2014 e deixar v\u00e1rias explica\u00e7\u00f5es pendentes para os pr\u00f3ximos cap\u00edtulos.<\/p>\n<p><strong>A novela Quem Ama Cuida vai ao ar \u00e0s 20h40 nas quartas-feiras e \u00e0s 21h20 nos outros dias da semana (hor\u00e1rio de Bras\u00edlia).<\/strong><\/p>\n<p>    Continua ap\u00f3s a publicidade<\/p>\n<p><strong>*Este conte\u00fado foi produzido com aux\u00edlio de ferramentas de <a href=\"https:\/\/vcia.abril.com.br\/\" rel=\"nofollow noopener\" target=\"_blank\">intelig\u00eancia artificial<\/a>, com curadoria e checagem da equipe de jornalistas da CAPRICHO.<\/strong><\/p>\n<p>                Newsletter CH<br \/>\n                <img decoding=\"async\" src=\"https:\/\/capricho.abril.com.br\/wp-content\/themes\/abril-capricho-new\/inc\/images\/logo.svg\"\/><\/p>\n<p>                            Inscreva-se<br \/>\n                            e receba no seu e-mail o melhor do que rolou na semana na CH.<\/p>\n<p>                            Cadastro efetuado com sucesso!<\/p>\n<p>Voc\u00ea receber\u00e1 este conte\u00fado por email em breve.<\/p>\n<p>Redes sociais para adolescentes: quais pa\u00edses j\u00e1 limitam o acesso?<\/p>\n","protected":false},"excerpt":{"rendered":"O cap\u00edtulo deste s\u00e1bado (5) de Quem Ama, Cuida promete deixar algumas rela\u00e7\u00f5es por um fio \u2014 e&hellip;\n","protected":false},"author":2,"featured_media":513353,"comment_status":"","ping_status":"","sticky":false,"template":"","format":"standard","meta":{"footnotes":"","_share_on_mastodon":"0"},"categories":[142],"tags":[114,115,753,5236,2931,32,33,16076,151],"class_list":["post-513352","post","type-post","status-publish","format-standard","has-post-thumbnail","category-tv","tag-entertainment","tag-entretenimento","tag-globo","tag-nova-novela","tag-novela","tag-portugal","tag-pt","tag-resumo-dos-capitulos","tag-tv"],"share_on_mastodon":{"url":"https:\/\/pubeurope.com\/@pt\/117221670007595547","error":""},"_links":{"self":[{"href":"https:\/\/www.europesays.com\/pt\/wp-json\/wp\/v2\/posts\/513352","targetHints":{"allow":["GET"]}}],"collection":[{"href":"https:\/\/www.europesays.com\/pt\/wp-json\/wp\/v2\/posts"}],"about":[{"href":"https:\/\/www.europesays.com\/pt\/wp-json\/wp\/v2\/types\/post"}],"author":[{"embeddable":true,"href":"https:\/\/www.europesays.com\/pt\/wp-json\/wp\/v2\/users\/2"}],"replies":[{"embeddable":true,"href":"https:\/\/www.europesays.com\/pt\/wp-json\/wp\/v2\/comments?post=513352"}],"version-history":[{"count":0,"href":"https:\/\/www.europesays.com\/pt\/wp-json\/wp\/v2\/posts\/513352\/revisions"}],"wp:featuredmedia":[{"embeddable":true,"href":"https:\/\/www.europesays.com\/pt\/wp-json\/wp\/v2\/media\/513353"}],"wp:attachment":[{"href":"https:\/\/www.europesays.com\/pt\/wp-json\/wp\/v2\/media?parent=513352"}],"wp:term":[{"taxonomy":"category","embeddable":true,"href":"https:\/\/www.europesays.com\/pt\/wp-json\/wp\/v2\/categories?post=513352"},{"taxonomy":"post_tag","embeddable":true,"href":"https:\/\/www.europesays.com\/pt\/wp-json\/wp\/v2\/tags?post=513352"}],"curies":[{"name":"wp","href":"https:\/\/api.w.org\/{rel}","templated":true}]}}