{"id":513362,"date":"2026-09-06T02:29:15","date_gmt":"2026-09-06T02:29:15","guid":{"rendered":"https:\/\/www.europesays.com\/pt\/513362\/"},"modified":"2026-09-06T02:29:15","modified_gmt":"2026-09-06T02:29:15","slug":"joao-felix-apos-derrota-do-al-nassr-se-eu-falar-vou-expor-esta-liga","status":"publish","type":"post","link":"https:\/\/www.europesays.com\/pt\/513362\/","title":{"rendered":"Jo\u00e3o F\u00e9lix ap\u00f3s derrota do Al Nassr: &#8220;Se eu falar, vou expor esta Liga&#8221;"},"content":{"rendered":"<p>Jo\u00e3o F\u00e9lix recusou falar este s\u00e1bado \u00e0 comunica\u00e7\u00e3o social ap\u00f3s n\u00e3o ter conseguido evitar uma derrota do Al Nassr, que tamb\u00e9m teve Cristiano Ronaldo a titular, em casa do Al Ittihad (2-1), na quinta jornada da Liga saudita.<\/p>\n<p>Ap\u00f3s a partida, o avan\u00e7ado portugu\u00eas foi abordado por alguns jornalistas no caminho de acesso ao autocarro do Al Nassr, mas recusou falar, atirando: &#8220;Se eu falar, vou expor esta Liga&#8221;, num tom de clara frustra\u00e7\u00e3o.<\/p>\n<p>Refira-se que o Al Nassr &#8220;descolou&#8221; da lideran\u00e7a da Liga saudita com esta derrota, com o Al Hilal a ser agora l\u00edder isolado, com 15 pontos, mais tr\u00eas do que o campe\u00e3o em t\u00edtulo (12). Quanto ao Al Ittihad, quarto classificado, com 11, acolheu a estreia de Richard R\u00edos, m\u00e9dio emprestado pelo Benfica, neste desafio.<\/p>\n<p>Veja o v\u00eddeo:<\/p>\n","protected":false},"excerpt":{"rendered":"Jo\u00e3o F\u00e9lix recusou falar este s\u00e1bado \u00e0 comunica\u00e7\u00e3o social ap\u00f3s n\u00e3o ter conseguido evitar uma derrota do Al&hellip;\n","protected":false},"author":2,"featured_media":513363,"comment_status":"","ping_status":"","sticky":false,"template":"","format":"standard","meta":{"footnotes":"","_share_on_mastodon":"0"},"categories":[87],"tags":[135,32,33,134],"class_list":["post-513362","post","type-post","status-publish","format-standard","has-post-thumbnail","category-desporto","tag-desporto","tag-portugal","tag-pt","tag-sports"],"share_on_mastodon":{"url":"https:\/\/pubeurope.com\/@pt\/117221744235062007","error":""},"_links":{"self":[{"href":"https:\/\/www.europesays.com\/pt\/wp-json\/wp\/v2\/posts\/513362","targetHints":{"allow":["GET"]}}],"collection":[{"href":"https:\/\/www.europesays.com\/pt\/wp-json\/wp\/v2\/posts"}],"about":[{"href":"https:\/\/www.europesays.com\/pt\/wp-json\/wp\/v2\/types\/post"}],"author":[{"embeddable":true,"href":"https:\/\/www.europesays.com\/pt\/wp-json\/wp\/v2\/users\/2"}],"replies":[{"embeddable":true,"href":"https:\/\/www.europesays.com\/pt\/wp-json\/wp\/v2\/comments?post=513362"}],"version-history":[{"count":0,"href":"https:\/\/www.europesays.com\/pt\/wp-json\/wp\/v2\/posts\/513362\/revisions"}],"wp:featuredmedia":[{"embeddable":true,"href":"https:\/\/www.europesays.com\/pt\/wp-json\/wp\/v2\/media\/513363"}],"wp:attachment":[{"href":"https:\/\/www.europesays.com\/pt\/wp-json\/wp\/v2\/media?parent=513362"}],"wp:term":[{"taxonomy":"category","embeddable":true,"href":"https:\/\/www.europesays.com\/pt\/wp-json\/wp\/v2\/categories?post=513362"},{"taxonomy":"post_tag","embeddable":true,"href":"https:\/\/www.europesays.com\/pt\/wp-json\/wp\/v2\/tags?post=513362"}],"curies":[{"name":"wp","href":"https:\/\/api.w.org\/{rel}","templated":true}]}}