{"id":513364,"date":"2026-09-06T02:30:12","date_gmt":"2026-09-06T02:30:12","guid":{"rendered":"https:\/\/www.europesays.com\/pt\/513364\/"},"modified":"2026-09-06T02:30:12","modified_gmt":"2026-09-06T02:30:12","slug":"infeccoes-parasitarias-em-escolas-e-creches-quais-sinais-podem-ser-ignorados","status":"publish","type":"post","link":"https:\/\/www.europesays.com\/pt\/513364\/","title":{"rendered":"Infec\u00e7\u00f5es parasit\u00e1rias em escolas e creches: quais sinais podem ser ignorados"},"content":{"rendered":"<p class=\"lead\">Mudan\u00e7as no h\u00e1bito intestinal, dores abdominais ou perda de peso repentina em crian\u00e7as podem ser sinais de algo al\u00e9m de um simples mal-estar passageiro. Recentemente, a Ag\u00eancia de Seguran\u00e7a Sanit\u00e1ria do Reino Unido (UK Health Security Agency) registrou um aumento de 11,4% nos casos de giard\u00edase em 2025, atingindo o patamar mais alto desde 2016.<\/p>\n<p>                                <img decoding=\"async\" src=\"https:\/\/www.europesays.com\/pt\/wp-content\/uploads\/2026\/09\/60744_five.jpeg\" class=\"article-main-image\" alt=\"\u041c\u0430\u0441\u043a\u0430 \u0438 \u043c\u0438\u043a\u0440\u043e\u0431\u044b\" title=\"\u041c\u0430\u0441\u043a\u0430 \u0438 \u043c\u0438\u043a\u0440\u043e\u0431\u044b\" fetchpriority=\"high\"\/><\/p>\n<p>\n        Photo: \u0410\u043d\u043d\u0430 \u041c\u0430\u043b\u044f\u0435\u0432\u0430 by \u0410\u043d\u043d\u0430 \u041c\u0430\u043b\u044f\u0435\u0432\u0430 is licensed under \u0420ubli\u0441 domain    <\/p>\n<p>\n        \u041c\u0430\u0441\u043a\u0430 \u0438 \u043c\u0438\u043a\u0440\u043e\u0431\u044b    <\/p>\n<p>Embora a melhora nos testes de PCR facilite a detec\u00e7\u00e3o de parasitas que antes passavam despercebidos, o crescimento dos n\u00fameros alerta para a persist\u00eancia dessa infec\u00e7\u00e3o intestinal causada por organismos unicelulares.<\/p>\n<p><strong>Como funciona a infec\u00e7\u00e3o<\/strong><\/p>\n<p>A giard\u00edase \u00e9 dif\u00edcil de combater porque o parasita altera sua forma para sobreviver. Dentro do corpo, ele est\u00e1 ativo; por\u00e9m, ao sair para o ambiente, transforma-se em cistos \u2014 c\u00e1psulas com cascas protetoras. Nessas estruturas, o parasita resiste por longos per\u00edodos em ma\u00e7anetas, telas de smartphones, vegetais e na \u00e1gua, aguardando um novo hospedeiro.<\/p>\n<p>Um fator complicador \u00e9 a exist\u00eancia de portadores assintom\u00e1ticos: pessoas que n\u00e3o sentem nada, mas transmitem os cistos para outros.<\/p>\n<p><strong>Grupos de risco e impactos<\/strong><\/p>\n<p>Em adultos saud\u00e1veis, a infec\u00e7\u00e3o pode ser impercept\u00edvel ou causar apenas um leve desarranjo intestinal. O cen\u00e1rio muda para idosos, imunocomprometidos e crian\u00e7as pequenas.<\/p>\n<p>No caso das crian\u00e7as, o problema vai al\u00e9m da diarreia ou do incha\u00e7o abdominal. Os parasitas prejudicam a absor\u00e7\u00e3o de nutrientes no intestino. Isso pode impedir o ganho de peso adequado e tornar ineficaz a suplementa\u00e7\u00e3o de vitaminas ou ferro, j\u00e1 que o organismo n\u00e3o consegue absorv\u00ea-los, podendo resultar em anemia e fraqueza generalizada.<\/p>\n<p><strong>Preven\u00e7\u00e3o e higiene<\/strong><\/p>\n<p>A transmiss\u00e3o ocorre pela via fecal-oral. Para evitar a entrada do parasita em casa, a recomenda\u00e7\u00e3o baseia-se em pr\u00e1ticas rigorosas de higiene:<\/p>\n<ul>&#13;<br \/>\n&#13;<\/p>\n<li>Lavar as m\u00e3os cuidadosamente ap\u00f3s usar o banheiro e chegar da rua.<\/li>\n<p>&#13;<br \/>\n&#13;<\/p>\n<li>Consumir apenas \u00e1gua pot\u00e1vel ou fervida.<\/li>\n<p>&#13;<br \/>\n&#13;<\/p>\n<li>Lavar bem frutas e hortali\u00e7as.<\/li>\n<p>&#13;<br \/>\n&#13;<\/p>\n<li>Evitar que crian\u00e7as engulam \u00e1gua em piscinas ou lagos.<\/li>\n<p>&#13;<br \/>\n&#13;\n<\/ul>\n<p>Vale lembrar que animais de estima\u00e7\u00e3o tamb\u00e9m podem atuar como portadores de cistos.<\/p>\n<p><strong>Sinais de alerta<\/strong><\/p>\n<p>A busca por aux\u00edlio m\u00e9dico e a realiza\u00e7\u00e3o de exames espec\u00edficos s\u00e3o indicadas ao notar os seguintes sinais:<\/p>\n<ul>&#13;<br \/>\n&#13;<\/p>\n<li>Fezes l\u00edquidas persistentes.<\/li>\n<p>&#13;<br \/>\n&#13;<\/p>\n<li>Dores abdominais ou desconforto na regi\u00e3o do hipoc\u00f4ndrio direito (abaixo das costelas, \u00e0 direita).<\/li>\n<p>&#13;<br \/>\n&#13;<\/p>\n<li>Perda de apetite e redu\u00e7\u00e3o de peso brusca.<\/li>\n<p>&#13;<br \/>\n&#13;<\/p>\n<li>Sinais de desidrata\u00e7\u00e3o.<\/li>\n<p>&#13;<br \/>\n&#13;\n<\/ul>\n<p>\u00c9 importante notar que indisposi\u00e7\u00f5es infantis no in\u00edcio do per\u00edodo escolar nem sempre s\u00e3o gripes ou viroses. Em creches e escolas, onde o compartilhamento de brinquedos e objetos \u00e9 constante, o risco de infec\u00e7\u00f5es parasit\u00e1rias aumenta.<\/p>\n<p>\t\tAuthor`s name <a href=\"https:\/\/port.pravda.ru\/author\/ksenia_semenova\/\" rel=\"nofollow noopener\" target=\"_blank\">Ksenia Semenova<\/a><\/p>\n<p>Correspondente do Pravda.Ru, atuando na edi\u00e7\u00e3o em portugu\u00eas do site\t\t\t\t<\/p>\n","protected":false},"excerpt":{"rendered":"Mudan\u00e7as no h\u00e1bito intestinal, dores abdominais ou perda de peso repentina em crian\u00e7as podem ser sinais de algo&hellip;\n","protected":false},"author":2,"featured_media":513365,"comment_status":"","ping_status":"","sticky":false,"template":"","format":"standard","meta":{"footnotes":"","_share_on_mastodon":"0"},"categories":[86],"tags":[82275,116,82279,82277,82278,32,33,117,82276],"class_list":["post-513364","post","type-post","status-publish","format-standard","has-post-thumbnail","category-saude","tag-giardiase-em-criancas","tag-health","tag-infeccao-por-giardia","tag-parasitas-intestinais-infantis","tag-perda-de-peso-infantil","tag-portugal","tag-pt","tag-saude","tag-sintomas-de-giardiase"],"share_on_mastodon":{"url":"https:\/\/pubeurope.com\/@pt\/117221748667947470","error":""},"_links":{"self":[{"href":"https:\/\/www.europesays.com\/pt\/wp-json\/wp\/v2\/posts\/513364","targetHints":{"allow":["GET"]}}],"collection":[{"href":"https:\/\/www.europesays.com\/pt\/wp-json\/wp\/v2\/posts"}],"about":[{"href":"https:\/\/www.europesays.com\/pt\/wp-json\/wp\/v2\/types\/post"}],"author":[{"embeddable":true,"href":"https:\/\/www.europesays.com\/pt\/wp-json\/wp\/v2\/users\/2"}],"replies":[{"embeddable":true,"href":"https:\/\/www.europesays.com\/pt\/wp-json\/wp\/v2\/comments?post=513364"}],"version-history":[{"count":0,"href":"https:\/\/www.europesays.com\/pt\/wp-json\/wp\/v2\/posts\/513364\/revisions"}],"wp:featuredmedia":[{"embeddable":true,"href":"https:\/\/www.europesays.com\/pt\/wp-json\/wp\/v2\/media\/513365"}],"wp:attachment":[{"href":"https:\/\/www.europesays.com\/pt\/wp-json\/wp\/v2\/media?parent=513364"}],"wp:term":[{"taxonomy":"category","embeddable":true,"href":"https:\/\/www.europesays.com\/pt\/wp-json\/wp\/v2\/categories?post=513364"},{"taxonomy":"post_tag","embeddable":true,"href":"https:\/\/www.europesays.com\/pt\/wp-json\/wp\/v2\/tags?post=513364"}],"curies":[{"name":"wp","href":"https:\/\/api.w.org\/{rel}","templated":true}]}}