{"id":513368,"date":"2026-09-06T02:47:10","date_gmt":"2026-09-06T02:47:10","guid":{"rendered":"https:\/\/www.europesays.com\/pt\/513368\/"},"modified":"2026-09-06T02:47:10","modified_gmt":"2026-09-06T02:47:10","slug":"acabou-a-novela-e-suarez-continua-como-ator-principal-as-notas-do-sporting","status":"publish","type":"post","link":"https:\/\/www.europesays.com\/pt\/513368\/","title":{"rendered":"Acabou a novela e Su\u00e1rez continua como ator principal (as notas do Sporting)"},"content":{"rendered":"<p>Sai, n\u00e3o sai; fica, n\u00e3o fica; quer ir embora; n\u00e3o quer ir embora. O colombiano protagonizou a grande novela do ver\u00e3o \u2014 inevit\u00e1vel para quem garante tantos golos. Ficou em Alvalade e \u00e9, sem margem para d\u00favidas, o ator principal da companhia liderada por Rui Borges. Dizia-se que andava triste, melanc\u00f3lico, condo\u00eddo, incapaz de sorrir. Por isso, ao converter o pen\u00e1lti que abriu o marcador, virou-se para as c\u00e2maras, levou os dedos aos l\u00e1bios e desenhou o gesto de quem molda o pr\u00f3prio sorriso. Mas o que colocou Alvalade verdadeiramente a gargalhar foi o lance do segundo tento: uma cavalgada desenfreada e um passe de primeira, oferecido de bandeja para Fl\u00e1vio Gon\u00e7alves encostar. Est\u00e3o seladas as pazes com as bancadas num tratado assinado pelo cafetero com as rubricas do costume: remates certeiros e classe pura.<\/p>\n","protected":false},"excerpt":{"rendered":"Sai, n\u00e3o sai; fica, n\u00e3o fica; quer ir embora; n\u00e3o quer ir embora. O colombiano protagonizou a grande&hellip;\n","protected":false},"author":2,"featured_media":513369,"comment_status":"","ping_status":"","sticky":false,"template":"","format":"standard","meta":{"footnotes":"","_share_on_mastodon":"0"},"categories":[87],"tags":[135,32,33,134],"class_list":["post-513368","post","type-post","status-publish","format-standard","has-post-thumbnail","category-desporto","tag-desporto","tag-portugal","tag-pt","tag-sports"],"share_on_mastodon":{"url":"https:\/\/pubeurope.com\/@pt\/117221814819738031","error":""},"_links":{"self":[{"href":"https:\/\/www.europesays.com\/pt\/wp-json\/wp\/v2\/posts\/513368","targetHints":{"allow":["GET"]}}],"collection":[{"href":"https:\/\/www.europesays.com\/pt\/wp-json\/wp\/v2\/posts"}],"about":[{"href":"https:\/\/www.europesays.com\/pt\/wp-json\/wp\/v2\/types\/post"}],"author":[{"embeddable":true,"href":"https:\/\/www.europesays.com\/pt\/wp-json\/wp\/v2\/users\/2"}],"replies":[{"embeddable":true,"href":"https:\/\/www.europesays.com\/pt\/wp-json\/wp\/v2\/comments?post=513368"}],"version-history":[{"count":0,"href":"https:\/\/www.europesays.com\/pt\/wp-json\/wp\/v2\/posts\/513368\/revisions"}],"wp:featuredmedia":[{"embeddable":true,"href":"https:\/\/www.europesays.com\/pt\/wp-json\/wp\/v2\/media\/513369"}],"wp:attachment":[{"href":"https:\/\/www.europesays.com\/pt\/wp-json\/wp\/v2\/media?parent=513368"}],"wp:term":[{"taxonomy":"category","embeddable":true,"href":"https:\/\/www.europesays.com\/pt\/wp-json\/wp\/v2\/categories?post=513368"},{"taxonomy":"post_tag","embeddable":true,"href":"https:\/\/www.europesays.com\/pt\/wp-json\/wp\/v2\/tags?post=513368"}],"curies":[{"name":"wp","href":"https:\/\/api.w.org\/{rel}","templated":true}]}}