{"id":513378,"date":"2026-09-06T03:02:10","date_gmt":"2026-09-06T03:02:10","guid":{"rendered":"https:\/\/www.europesays.com\/pt\/513378\/"},"modified":"2026-09-06T03:02:10","modified_gmt":"2026-09-06T03:02:10","slug":"sporting-nao-resiste-ao-poder-e-velocidade-do-barcelona-e-perde-supertaca-iberica-2","status":"publish","type":"post","link":"https:\/\/www.europesays.com\/pt\/513378\/","title":{"rendered":"Sporting n\u00e3o resiste ao poder e velocidade do Barcelona e perde Superta\u00e7a Ib\u00e9rica"},"content":{"rendered":"<p>Desde a primeira edi\u00e7\u00e3o da Superta\u00e7a Ib\u00e9rica, em 2022, que o Barcelona conseguiu sempre arrebatar o trof\u00e9u em finais disputadas invariavelmente contra clubes portugueses. \u00c0 quinta edi\u00e7\u00e3o\u2026 as coisas n\u00e3o foram diferentes.<\/p>\n<p>Ao ser batido pelo Bar\u00e7a por 39-34 (19-18 ao intervalo), o Sporting perdeu, este s\u00e1bado, a decis\u00e3o da 5.\u00aa Superta\u00e7a Ib\u00e9rica, realizada no Pavilh\u00e3o 3 do Instituto Ferial de Vigo.<\/p>\n<p>Com Francisco Costa a utilizar a sua velocidade e efic\u00e1cia na finaliza\u00e7\u00e3o para surpreender o advers\u00e1rio e assinar tr\u00eas dos seus quatro golos no 1.\u00ba tempo, e com Mohamed Aly eficiente entre os postes, os le\u00f5es foram mantendo o equil\u00edbrio.<\/p>\n<p>E mesmo quando Daniel Fern\u00e1ndez (6), com dois livres de 7 metros seguidos, abriu a diferen\u00e7a para 8-6 a favor dos 15 (!) vezes seguidas campe\u00f5es de Espanha e quatro vezes vencedores da Champions nas \u00faltimas seis edi\u00e7\u00f5es, os homens de Ricardo Costa \u2014 apesar de algumas exclus\u00f5es a criar dificuldades \u2014 igualaram a 9-9. Bem servido na ponta esquerda, o quarto golo de Orri Thorkelsson (6) empatou a 12-12, e um remate de Kiko Costa (7) trouxe o 13-13.<\/p>\n<p>O problema foi que os 4m que se seguiram podiam ter sido precocemente fatais para o conjunto nacional, face a um parcial de 4-0 (17-13) em que os espa\u00e7os na defesa e a m\u00e1 recupera\u00e7\u00e3o defensiva permitiram aos catal\u00e3es abrir o primeiro grande fosso no placard.<\/p>\n<p>Aos 16-13, Ricardo Costa j\u00e1 havia pedido um desconto de tempo, e a paragem teve efeito pouco depois, tendo Victor Romero (3) e Martim Costa (6) \u2014 com dois golos cada numa sequ\u00eancia de 2-5 (19-18) \u2014 deixado tudo em aberto na ida aos balne\u00e1rios, num momento em que a velocidade do jogo havia crescido.<\/p>\n<p>No regresso, e mesmo com os lisboetas a permitirem que o advers\u00e1rio marcasse dois golos sem resposta (21-18), o equil\u00edbrio voltou a ser a realidade at\u00e9 ao 26-24. Contudo, o contra-ataque fulminante do Barcelona tamb\u00e9m voltou, e em for\u00e7a. O Sporting pagou caro tal desconcentra\u00e7\u00e3o e a liberdade concedida a Aleix G\u00f3mez (4), Dika Akwa Mem (8) e os remates a matar para l\u00e1 dos 8m de Thimothey N\u2019Guessan (4) .<\/p>\n<p>Em 8m, os campe\u00f5es europeus constru\u00edram um arrasador parcial de 7-2 (33-26) que praticamente matou a partida.<\/p>\n<p>Os le\u00f5es ainda responderam com outro de 2-6 (35-32) a 4.30m do fim, durante o qual, pelo meio, Carlos Ortega parou o tempo para acordar os Cul\u00e9s, uma vez que estes haviam baixado a intensidade defensiva. S\u00f3 que o Sporting n\u00e3o conseguiu assustar mais do que isso na terceira final seguida entre os dois conjuntos.<\/p>\n<p>Horas antes o FC Porto, que havia sido superado nas meias-finais pelos catal\u00e3es, assegurou o 3.\u00ba lugar ao derrotar o Bidasoa Ir\u00fan por 32-25 (19-14). <\/p>\n","protected":false},"excerpt":{"rendered":"Desde a primeira edi\u00e7\u00e3o da Superta\u00e7a Ib\u00e9rica, em 2022, que o Barcelona conseguiu sempre arrebatar o trof\u00e9u em&hellip;\n","protected":false},"author":2,"featured_media":513379,"comment_status":"","ping_status":"","sticky":false,"template":"","format":"standard","meta":{"footnotes":"","_share_on_mastodon":"0"},"categories":[87],"tags":[135,32,33,134],"class_list":["post-513378","post","type-post","status-publish","format-standard","has-post-thumbnail","category-desporto","tag-desporto","tag-portugal","tag-pt","tag-sports"],"share_on_mastodon":{"url":"https:\/\/pubeurope.com\/@pt\/117221874030561324","error":""},"_links":{"self":[{"href":"https:\/\/www.europesays.com\/pt\/wp-json\/wp\/v2\/posts\/513378","targetHints":{"allow":["GET"]}}],"collection":[{"href":"https:\/\/www.europesays.com\/pt\/wp-json\/wp\/v2\/posts"}],"about":[{"href":"https:\/\/www.europesays.com\/pt\/wp-json\/wp\/v2\/types\/post"}],"author":[{"embeddable":true,"href":"https:\/\/www.europesays.com\/pt\/wp-json\/wp\/v2\/users\/2"}],"replies":[{"embeddable":true,"href":"https:\/\/www.europesays.com\/pt\/wp-json\/wp\/v2\/comments?post=513378"}],"version-history":[{"count":0,"href":"https:\/\/www.europesays.com\/pt\/wp-json\/wp\/v2\/posts\/513378\/revisions"}],"wp:featuredmedia":[{"embeddable":true,"href":"https:\/\/www.europesays.com\/pt\/wp-json\/wp\/v2\/media\/513379"}],"wp:attachment":[{"href":"https:\/\/www.europesays.com\/pt\/wp-json\/wp\/v2\/media?parent=513378"}],"wp:term":[{"taxonomy":"category","embeddable":true,"href":"https:\/\/www.europesays.com\/pt\/wp-json\/wp\/v2\/categories?post=513378"},{"taxonomy":"post_tag","embeddable":true,"href":"https:\/\/www.europesays.com\/pt\/wp-json\/wp\/v2\/tags?post=513378"}],"curies":[{"name":"wp","href":"https:\/\/api.w.org\/{rel}","templated":true}]}}