{"id":513388,"date":"2026-09-06T03:17:26","date_gmt":"2026-09-06T03:17:26","guid":{"rendered":"https:\/\/www.europesays.com\/pt\/513388\/"},"modified":"2026-09-06T03:17:26","modified_gmt":"2026-09-06T03:17:26","slug":"gp-italia-f1-oscar-piastri-penalizado-cai-para-sexto","status":"publish","type":"post","link":"https:\/\/www.europesays.com\/pt\/513388\/","title":{"rendered":"GP It\u00e1lia F1: Oscar Piastri penalizado, cai para sexto"},"content":{"rendered":"<p class=\"wp-block-paragraph\">Oscar Piastri n\u00e3o estava muito animado com o terceiro lugar no final da qualifica\u00e7\u00e3o para o GP de It\u00e1lia. O australiano cometeu um par de erros que impediram um melhor resultado na qualifica\u00e7\u00e3o. Mas os motivos de des\u00e2nimo multiplicaram-se com a penaliza\u00e7\u00e3o aplicada ao piloto da McLaren.<\/p>\n<p class=\"wp-block-paragraph\">Piastri foi chamado aos comiss\u00e1rios, depois de ter atrapalhado a volta de Liam Lawson na Q2, e avaliadas todas as provas, foi considerado culpado e por isso penalizado. Segundo os comiss\u00e1rios, \u201cAo sair das boxes, o piloto do carro n.\u00ba 81 foi informado de que \u00b4Verstappen, Lawson e Sainz est\u00e3o a passar agora, o Sainz j\u00e1 fez a paragem nas boxes, restam apenas o Verstappen e o Lawson; tenha cuidado com eles ao reentrar na pista\u00b4. O piloto do carro n.\u00ba 81 afirmou que n\u00e3o tinha sido alertado para o facto de Versstappen e Lawson estarem a fazer voltas r\u00e1pidas, mas percebeu, quando j\u00e1 estava quase na Curva 1, que Verstappen estava numa volta r\u00e1pida. Reduziu significativamente a velocidade e manteve-se \u00e0 direita para permitir que Verstappen o ultrapassasse, mas n\u00e3o conseguiu fazer nada para evitar impedir LAW, que se encontrava logo atr\u00e1s.\u201c<\/p>\n<p class=\"wp-block-paragraph\">\u201cOs comiss\u00e1rios reconhecem que, com a informa\u00e7\u00e3o de que dispunha e dada a situa\u00e7\u00e3o em que se encontrava, o piloto do carro n.\u00ba 81 n\u00e3o tinha, nessa altura, outras op\u00e7\u00f5es dispon\u00edveis e, por isso, inadvertidamente e de forma desnecess\u00e1ria, impediu a passagem do carro n.\u00ba 30\u201d.<\/p>\n<p class=\"wp-block-paragraph\">Piastri cai para sexto, beneficiando Charles Leclerc, Lewis Hamilton e Max Verstappen, que sobem uma posi\u00e7\u00e3o cada. <\/p>\n<p class=\"wp-block-paragraph\">Foto: MPSA<\/p>\n","protected":false},"excerpt":{"rendered":"Oscar Piastri n\u00e3o estava muito animado com o terceiro lugar no final da qualifica\u00e7\u00e3o para o GP de&hellip;\n","protected":false},"author":2,"featured_media":513389,"comment_status":"","ping_status":"","sticky":false,"template":"","format":"standard","meta":{"footnotes":"","_share_on_mastodon":"0"},"categories":[87],"tags":[135,970,971,82287,2548,32,33,134],"class_list":["post-513388","post","type-post","status-publish","format-standard","has-post-thumbnail","category-desporto","tag-desporto","tag-f1","tag-formula-1","tag-gp-italia","tag-oscar-piastri","tag-portugal","tag-pt","tag-sports"],"share_on_mastodon":{"url":"https:\/\/pubeurope.com\/@pt\/117221932977051578","error":""},"_links":{"self":[{"href":"https:\/\/www.europesays.com\/pt\/wp-json\/wp\/v2\/posts\/513388","targetHints":{"allow":["GET"]}}],"collection":[{"href":"https:\/\/www.europesays.com\/pt\/wp-json\/wp\/v2\/posts"}],"about":[{"href":"https:\/\/www.europesays.com\/pt\/wp-json\/wp\/v2\/types\/post"}],"author":[{"embeddable":true,"href":"https:\/\/www.europesays.com\/pt\/wp-json\/wp\/v2\/users\/2"}],"replies":[{"embeddable":true,"href":"https:\/\/www.europesays.com\/pt\/wp-json\/wp\/v2\/comments?post=513388"}],"version-history":[{"count":0,"href":"https:\/\/www.europesays.com\/pt\/wp-json\/wp\/v2\/posts\/513388\/revisions"}],"wp:featuredmedia":[{"embeddable":true,"href":"https:\/\/www.europesays.com\/pt\/wp-json\/wp\/v2\/media\/513389"}],"wp:attachment":[{"href":"https:\/\/www.europesays.com\/pt\/wp-json\/wp\/v2\/media?parent=513388"}],"wp:term":[{"taxonomy":"category","embeddable":true,"href":"https:\/\/www.europesays.com\/pt\/wp-json\/wp\/v2\/categories?post=513388"},{"taxonomy":"post_tag","embeddable":true,"href":"https:\/\/www.europesays.com\/pt\/wp-json\/wp\/v2\/tags?post=513388"}],"curies":[{"name":"wp","href":"https:\/\/api.w.org\/{rel}","templated":true}]}}