{"id":513390,"date":"2026-09-06T03:18:13","date_gmt":"2026-09-06T03:18:13","guid":{"rendered":"https:\/\/www.europesays.com\/pt\/513390\/"},"modified":"2026-09-06T03:18:13","modified_gmt":"2026-09-06T03:18:13","slug":"diabetes-pode-elevar-risco-de-herpes-zoster","status":"publish","type":"post","link":"https:\/\/www.europesays.com\/pt\/513390\/","title":{"rendered":"Diabetes pode elevar risco de herpes-z\u00f3ster"},"content":{"rendered":"<p>\t\t<a href=\"http:\/\/www.facebook.com\/sharer\/sharer.php?u=https:\/\/www.diariodocentrodomundo.com.br\/essencial\/diabetes-doencas-cronicas-risco-herpes-zoster\/\" target=\"_blank\" class=\"facebook-share\" rel=\"nofollow noopener\"><\/a><br \/>\n\t\t<a href=\"https:\/\/twitter.com\/share?url=https:\/\/www.diariodocentrodomundo.com.br\/essencial\/diabetes-doencas-cronicas-risco-herpes-zoster\/\" target=\"_blank\" class=\"twitter-share\" rel=\"nofollow noopener\"><\/a><br \/>\n\t\t<a href=\"#\" class=\"whatsapp-share\" data-url=\"https:\/\/www.diariodocentrodomundo.com.br\/essencial\/diabetes-doencas-cronicas-risco-herpes-zoster\/\" data-title=\"Diabetes e doen\u00e7as cr\u00f4nicas podem elevar risco de herpes-z\u00f3ster\"><\/a><br \/>\n\t<a href=\"https:\/\/www.linkedin.com\/sharing\/share-offsite\/?url=https:\/\/www.diariodocentrodomundo.com.br\/essencial\/diabetes-doencas-cronicas-risco-herpes-zoster\/\" target=\"_blank\" class=\"linkedin-share\" rel=\"nofollow noopener\"><\/a><br \/>\n   <a href=\"https:\/\/www.threads.net\/intent\/post?text=Diabetes+e+doen%C3%A7as+cr%C3%B4nicas+podem+elevar+risco+de+herpes-z%C3%B3ster&amp;url=https%3A%2F%2Fwww.diariodocentrodomundo.com.br%2Fessencial%2Fdiabetes-doencas-cronicas-risco-herpes-zoster%2F\" target=\"_blank\" class=\"threads-share\" rel=\"nofollow noopener\"><img decoding=\"async\" class=\"threads-icon perfmatters-lazy\" src=\"https:\/\/www.diariodocentrodomundo.com.br\/wp-content\/themes\/Newsmag\/images\/icons\/threads.svg\"\/><\/a> <\/p>\n<p>            <img fetchpriority=\"high\" decoding=\"async\" class=\"aligncenter\" src=\"https:\/\/www.europesays.com\/pt\/wp-content\/uploads\/2026\/09\/imagem-principal-diabetes-doencas-cronicas-risco-herpes-zoster-divulgacaogsk-1787928524729_v2_900x50.webp\" alt=\"Ilustra\u00e7\u00e3o sobre herpes-z\u00f3ster\" width=\"900\" height=\"506\"\/>Ilustra\u00e7\u00e3o sobre herpes-z\u00f3ster. Foto: Reprodu\u00e7\u00e3o<\/p>\n<p>Diabetes, doen\u00e7as card\u00edacas e doen\u00e7a renal cr\u00f4nica podem aumentar a vulnerabilidade ao herpes-z\u00f3ster, infec\u00e7\u00e3o conhecida como cobreiro. A doen\u00e7a ocorre quando o v\u00edrus varicela-z\u00f3ster, respons\u00e1vel pela catapora, volta a se manifestar ap\u00f3s permanecer no organismo por anos ou d\u00e9cadas.<\/p>\n<p>Estima-se que mais de 90% dos adultos brasileiros carreguem o v\u00edrus. Quando ele \u00e9 reativado, pode provocar bolhas em apenas um lado do corpo, geralmente seguindo o trajeto de um nervo, al\u00e9m de dor intensa, ardor, coceira, formigamento e sensa\u00e7\u00e3o de agulhadas. Os sintomas podem surgir antes das les\u00f5es na pele.<\/p>\n<p>O risco cresce a partir dos 50 anos, fase em que a resposta imunol\u00f3gica perde parte da capacidade de manter o v\u00edrus sob controle. A infec\u00e7\u00e3o pode causar neuralgia p\u00f3s-herp\u00e9tica, com dor persistente mesmo ap\u00f3s o desaparecimento das feridas. O Minist\u00e9rio da Sa\u00fade orienta procurar atendimento m\u00e9dico diante de dor, formigamento ou les\u00f5es em faixa e em um s\u00f3 lado do corpo; o tratamento tende a ser mais eficaz quando come\u00e7a nas primeiras 72 horas.<\/p>\n<p>        <script async src=\"https:\/\/platform.twitter.com\/widgets.js\" charset=\"utf-8\"><\/script><\/p>\n","protected":false},"excerpt":{"rendered":"Ilustra\u00e7\u00e3o sobre herpes-z\u00f3ster. Foto: Reprodu\u00e7\u00e3o Diabetes, doen\u00e7as card\u00edacas e doen\u00e7a renal cr\u00f4nica podem aumentar a vulnerabilidade ao herpes-z\u00f3ster,&hellip;\n","protected":false},"author":2,"featured_media":513391,"comment_status":"","ping_status":"","sticky":false,"template":"","format":"standard","meta":{"footnotes":"","_share_on_mastodon":"0"},"categories":[86],"tags":[116,32,33,117],"class_list":["post-513390","post","type-post","status-publish","format-standard","has-post-thumbnail","category-saude","tag-health","tag-portugal","tag-pt","tag-saude"],"share_on_mastodon":{"url":"https:\/\/pubeurope.com\/@pt\/117221937164503272","error":""},"_links":{"self":[{"href":"https:\/\/www.europesays.com\/pt\/wp-json\/wp\/v2\/posts\/513390","targetHints":{"allow":["GET"]}}],"collection":[{"href":"https:\/\/www.europesays.com\/pt\/wp-json\/wp\/v2\/posts"}],"about":[{"href":"https:\/\/www.europesays.com\/pt\/wp-json\/wp\/v2\/types\/post"}],"author":[{"embeddable":true,"href":"https:\/\/www.europesays.com\/pt\/wp-json\/wp\/v2\/users\/2"}],"replies":[{"embeddable":true,"href":"https:\/\/www.europesays.com\/pt\/wp-json\/wp\/v2\/comments?post=513390"}],"version-history":[{"count":0,"href":"https:\/\/www.europesays.com\/pt\/wp-json\/wp\/v2\/posts\/513390\/revisions"}],"wp:featuredmedia":[{"embeddable":true,"href":"https:\/\/www.europesays.com\/pt\/wp-json\/wp\/v2\/media\/513391"}],"wp:attachment":[{"href":"https:\/\/www.europesays.com\/pt\/wp-json\/wp\/v2\/media?parent=513390"}],"wp:term":[{"taxonomy":"category","embeddable":true,"href":"https:\/\/www.europesays.com\/pt\/wp-json\/wp\/v2\/categories?post=513390"},{"taxonomy":"post_tag","embeddable":true,"href":"https:\/\/www.europesays.com\/pt\/wp-json\/wp\/v2\/tags?post=513390"}],"curies":[{"name":"wp","href":"https:\/\/api.w.org\/{rel}","templated":true}]}}