{"id":513502,"date":"2026-09-06T08:21:42","date_gmt":"2026-09-06T08:21:42","guid":{"rendered":"https:\/\/www.europesays.com\/pt\/513502\/"},"modified":"2026-09-06T08:21:42","modified_gmt":"2026-09-06T08:21:42","slug":"fotogracria-registra-a-vida-e-a-cultura-de-dentro-da-rocinha","status":"publish","type":"post","link":"https:\/\/www.europesays.com\/pt\/513502\/","title":{"rendered":"Fotogracria registra a vida e a cultura de dentro da Rocinha"},"content":{"rendered":"\n<p class=\" content-text__container theme-color-primary-first-letter\" data-track-category=\"Link no Texto\" data-track-links=\"\"> Cria da Rocinha, a Fotogracria \u00e9 o pseud\u00f4nimo de Kimberly Daniella Katrine Romano Duarte, carioca que come\u00e7ou a fazer suas primeiras fotos em 2018 com o que tinha em m\u00e3os: um aparelho Galaxy J2 emprestado. \u201cEra bem ruim mesmo. Mas, como disse um amigo: a melhor c\u00e2mera \u00e9 a que voc\u00ea tem\u201d, lembra ela, hoje com 28 anos e uma Pentax 67 anal\u00f3gica a tiracolo. \u201cD\u00e1 trabalho revelar, mas eu amo.\u201d <\/p>\n<p class=\" content-text__container \" data-track-category=\"Link no Texto\" data-track-links=\"\"> A partir de tutoriais do YouTube e cursos, Kimberly aprendeu o of\u00edcio que hoje a leva a fechar trabalhos com marcas globais do porte da Nike e a participar de exposi\u00e7\u00f5es na Fran\u00e7a e nos EUA. \u201cN\u00e3o busquei as paisagens. Sempre fotografei dentro dos becos. Registro a minha realidade, como se estivesse fazendo um \u00e1lbum de fam\u00edlia. Isso se tornou a minha identidade\u201d, diz. \u201cReivindico a favela como paisagem. Quando meu territ\u00f3rio \u00e9 visto como beleza, sinto que venci\u201d, frisa ela, filha de uma empregada dom\u00e9stica e de um t\u00e9cnico que conserta m\u00e1quinas de cortar cabelo. <\/p>\n<p class=\" content-text__container \" data-track-category=\"Link no Texto\" data-track-links=\"\"> Uma das primeiras exposi\u00e7\u00f5es institucionais que participou foi \u201cFunk\u201d (2023), no Museu de Arte do Rio (MAR). \u201cQuando vi a minha obra perto da do Maxwell (Alexandre, outra cria da Rocinha), me emocionei\u201d, declara. Maxwell tamb\u00e9m festeja os holofotes na vizinha. \u201cAdmiro seu percurso dentro da favela. A fotografia que come\u00e7a antes do olhar. Vem da rela\u00e7\u00e3o com sua comunidade\u201d, destaca o artista. <\/p>\n","protected":false},"excerpt":{"rendered":"Cria da Rocinha, a Fotogracria \u00e9 o pseud\u00f4nimo de Kimberly Daniella Katrine Romano Duarte, carioca que come\u00e7ou a&hellip;\n","protected":false},"author":2,"featured_media":513503,"comment_status":"","ping_status":"","sticky":false,"template":"","format":"standard","meta":{"footnotes":"","_share_on_mastodon":"0"},"categories":[144],"tags":[207,205,206,203,201,202,204,114,115,32,33],"class_list":["post-513502","post","type-post","status-publish","format-standard","has-post-thumbnail","category-arte-e-design","tag-arte","tag-arte-e-design","tag-artedesign","tag-arts","tag-arts-and-design","tag-artsanddesign","tag-design","tag-entertainment","tag-entretenimento","tag-portugal","tag-pt"],"share_on_mastodon":{"url":"https:\/\/pubeurope.com\/@pt\/117223128154720929","error":""},"_links":{"self":[{"href":"https:\/\/www.europesays.com\/pt\/wp-json\/wp\/v2\/posts\/513502","targetHints":{"allow":["GET"]}}],"collection":[{"href":"https:\/\/www.europesays.com\/pt\/wp-json\/wp\/v2\/posts"}],"about":[{"href":"https:\/\/www.europesays.com\/pt\/wp-json\/wp\/v2\/types\/post"}],"author":[{"embeddable":true,"href":"https:\/\/www.europesays.com\/pt\/wp-json\/wp\/v2\/users\/2"}],"replies":[{"embeddable":true,"href":"https:\/\/www.europesays.com\/pt\/wp-json\/wp\/v2\/comments?post=513502"}],"version-history":[{"count":0,"href":"https:\/\/www.europesays.com\/pt\/wp-json\/wp\/v2\/posts\/513502\/revisions"}],"wp:featuredmedia":[{"embeddable":true,"href":"https:\/\/www.europesays.com\/pt\/wp-json\/wp\/v2\/media\/513503"}],"wp:attachment":[{"href":"https:\/\/www.europesays.com\/pt\/wp-json\/wp\/v2\/media?parent=513502"}],"wp:term":[{"taxonomy":"category","embeddable":true,"href":"https:\/\/www.europesays.com\/pt\/wp-json\/wp\/v2\/categories?post=513502"},{"taxonomy":"post_tag","embeddable":true,"href":"https:\/\/www.europesays.com\/pt\/wp-json\/wp\/v2\/tags?post=513502"}],"curies":[{"name":"wp","href":"https:\/\/api.w.org\/{rel}","templated":true}]}}