{"id":513532,"date":"2026-09-06T09:09:12","date_gmt":"2026-09-06T09:09:12","guid":{"rendered":"https:\/\/www.europesays.com\/pt\/513532\/"},"modified":"2026-09-06T09:09:12","modified_gmt":"2026-09-06T09:09:12","slug":"setembro-roxo-mes-de-conscientizacao-sobre-a-fibrose-cistica-radio-rural","status":"publish","type":"post","link":"https:\/\/www.europesays.com\/pt\/513532\/","title":{"rendered":"Setembro Roxo: m\u00eas de conscientiza\u00e7\u00e3o sobre a Fibrose C\u00edstica &#8211; R\u00e1dio Rural"},"content":{"rendered":"<ol>\n<li><a href=\"https:\/\/news.google.com\/rss\/articles\/CBMiqAFBVV95cUxNdEVjek9aT1RvX3gxNkQwaUN5UmJzZHI4bTlNT3BEMTl2ckp4T3VHSU5KRWdBQThUOWJjU0dva21ZNUdsYVBGSGpSSkdCRERHdXNWQjFRbW0tMVJCVVQteHNoVjZ0S0JCb05lWHRERVpxaTJWdEZNUUw3UWJBUlY5c1VFSUpEX0ZvVmFmRzhiSWFqTmx2WHRENkNEcUJGdEVLN05acDNmMjU?oc=5\" target=\"_blank\" rel=\"nofollow noopener\">Setembro Roxo: m\u00eas de conscientiza\u00e7\u00e3o sobre a Fibrose C\u00edstica<\/a>&nbsp;&nbsp;R\u00e1dio Rural<\/li>\n<li><a href=\"https:\/\/news.google.com\/rss\/articles\/CBMirwFBVV95cUxORnkyZDFJTWtfRk0xSDZBbS14dEZaeFM0LTQwaW5NN2gyLUhpVGZtcmF2NVZ6dnhaekt0OV9KVXhWUHl3OEVRWDRiNjJ1Rkp2S1VtTTQweTNKcFlRS1JoVlpyVFp5VVk1d296WDNrbkkyUEROd29odlNZTzYtUjJSN1NXMVY0V0h5MEdaQnFNei1EWVg1VFRTTDVRZkxfS0tYTDVwRk5EVlZnSVFOUFo00gG0AUFVX3lxTE9LR2ZTazhBV21aUnZ0VjlxS3F1b0ZTUml4VDhVRG1NU3FzWDU2MjJSWGFwcDVJeXJTNzNwamZnSm1lY0owOHVMc210STUwS1BjdTN6a0EtdmkxelBYU3dqczV6YkZuSDdmNy1fTC1XVG1JUjhFU1h0bmFnRjlyNGYtT202b3VQS0t2QUNiZ1pqNnRNaUtpV25VTVl5U3otWVlIMnZDZ0VUZFUtN2lzX0FPSkRHbA?oc=5\" target=\"_blank\" rel=\"nofollow noopener\">Pr\u00e9dios e monumentos de Curitiba ficam roxos em setembro; veja o motivo<\/a>&nbsp;&nbsp;Bem Paran\u00e1<\/li>\n<li><a href=\"https:\/\/news.google.com\/rss\/articles\/CBMiwAFBVV95cUxQSmVjWC04MUIxdWFUU2Q4bjdxdnFWSnBjTmlQV0JDQVJxMW1KckM5UUFucXFvYnpCS3dVX3FBZWNRaTFRVkdRTHZaRG9sT2ZZcnJjNXc3MHk2dkthRDdWVmF1OTNITnJZbHFLNmk0Q3lhOWtpV2dPX0JBSHVnWGl5Vm0zM3VZRGtXdHFRWlpDd3VKVVc5TFdCUk5yVWJ0Nmp1dzhIUlZPN08wVG4yblhQeG5RcUw1NFJQNDMyc2tab1U?oc=5\" target=\"_blank\" rel=\"nofollow noopener\">Viva com sa\u00fade: diagn\u00f3stico precoce pode melhorar perspectivas dos pacientes com fibrose c\u00edstica<\/a>&nbsp;&nbsp;TVS+ SBT<\/li>\n<li><a href=\"https:\/\/news.google.com\/rss\/articles\/CBMi6gFBVV95cUxNeUg2elZDaWdPakpxQmVNbjBmT295OGI4WHZLQ1c0Mk4xeml4dmdVanI5QzkzQkhyX1dZY0NvN3pkejVLQnhQX29tSmZVSmNvOGZIY2JEWGhwRE45Q2pHdXA4NkY0ZElZM3l1VUdpcmdoNlYzaTFxR01XNmhLWDU3YkpWeGdTYVUwdmMtSUtRXzdsY25MYzItakNJQXBnV3pzVjZhd2Nabm9leXhaeG9ra2NQWjRpLURDMks3SG5BT2Nhd21pV2JHb3hXYkRzbWJMdUVGa1NsSXB0c1JSa2dCMVR6cGpoeXFwZlE?oc=5\" target=\"_blank\" rel=\"nofollow noopener\">Da informa\u00e7\u00e3o ao diagn\u00f3stico: como campanha de fibrose c\u00edstica ajudou a transformar a vida de crian\u00e7a paraense<\/a>&nbsp;&nbsp;Portal Guarany J\u00fanior<\/li>\n<li><a href=\"https:\/\/news.google.com\/rss\/articles\/CBMiggJBVV95cUxOLXg5a05EX1g1WU1rTFpxclhIV0t3cjRlZ0Y5YUVVY29jc2RGMDJ3d0dGWGp2TkJHSFFLMk13VlE1S2pBUlRnWXRhOVlHcmpLQ3lRMzBrYzNWTzZsaE1Ma2dhRVY4SC1vMnhPMlVfTjlkOHEyS0duNjJnZWlxSUhCOGlZZ1ZsblJySHlyaVQ1eGJTYXZLQ0dnTDdMMjJ3ZVh3X2dOWjFfMmJyOHRLUjNGNXFDZUVDc2Zxd05YenpjUUpkZGtIdXhOYWY3VWlKR1FFTzNkVjFfc1pOR0V6VlNDVTI5cFA2MFBJUnZyMDFrM2lNVmI5ckJucGRoeHVhYm1iYnc?oc=5\" target=\"_blank\" rel=\"nofollow noopener\">Fibrose c\u00edstica: entenda a doen\u00e7a, os sinais e por que a conscientiza\u00e7\u00e3o \u00e9 t\u00e3o importante<\/a>&nbsp;&nbsp;Terra<\/li>\n<\/ol>\n","protected":false},"excerpt":{"rendered":"Setembro Roxo: m\u00eas de conscientiza\u00e7\u00e3o sobre a Fibrose C\u00edstica&nbsp;&nbsp;R\u00e1dio Rural Pr\u00e9dios e monumentos de Curitiba ficam roxos em&hellip;\n","protected":false},"author":2,"featured_media":513533,"comment_status":"","ping_status":"","sticky":false,"template":"","format":"standard","meta":{"footnotes":"","_share_on_mastodon":"0"},"categories":[86],"tags":[562,627,726,82313,2733,75694,50861,82314,2731,476,539,2258,13147,1062,986,2732,116,1086,52,32,33,3551,117],"class_list":["post-513532","post","type-post","status-publish","format-standard","has-post-thumbnail","category-saude","tag-agricultura","tag-bombeiros","tag-brasil","tag-caminhoneiros","tag-carnaval","tag-concordia","tag-copa","tag-dia-do-vizinho","tag-dicas-do-dia","tag-economia","tag-educacao","tag-eleicoes","tag-especial","tag-esportes","tag-estado","tag-geral","tag-health","tag-policia","tag-politica","tag-portugal","tag-pt","tag-regiao","tag-saude"],"share_on_mastodon":{"url":"https:\/\/pubeurope.com\/@pt\/117223316901064735","error":""},"_links":{"self":[{"href":"https:\/\/www.europesays.com\/pt\/wp-json\/wp\/v2\/posts\/513532","targetHints":{"allow":["GET"]}}],"collection":[{"href":"https:\/\/www.europesays.com\/pt\/wp-json\/wp\/v2\/posts"}],"about":[{"href":"https:\/\/www.europesays.com\/pt\/wp-json\/wp\/v2\/types\/post"}],"author":[{"embeddable":true,"href":"https:\/\/www.europesays.com\/pt\/wp-json\/wp\/v2\/users\/2"}],"replies":[{"embeddable":true,"href":"https:\/\/www.europesays.com\/pt\/wp-json\/wp\/v2\/comments?post=513532"}],"version-history":[{"count":0,"href":"https:\/\/www.europesays.com\/pt\/wp-json\/wp\/v2\/posts\/513532\/revisions"}],"wp:featuredmedia":[{"embeddable":true,"href":"https:\/\/www.europesays.com\/pt\/wp-json\/wp\/v2\/media\/513533"}],"wp:attachment":[{"href":"https:\/\/www.europesays.com\/pt\/wp-json\/wp\/v2\/media?parent=513532"}],"wp:term":[{"taxonomy":"category","embeddable":true,"href":"https:\/\/www.europesays.com\/pt\/wp-json\/wp\/v2\/categories?post=513532"},{"taxonomy":"post_tag","embeddable":true,"href":"https:\/\/www.europesays.com\/pt\/wp-json\/wp\/v2\/tags?post=513532"}],"curies":[{"name":"wp","href":"https:\/\/api.w.org\/{rel}","templated":true}]}}