{"id":513670,"date":"2026-09-06T12:08:12","date_gmt":"2026-09-06T12:08:12","guid":{"rendered":"https:\/\/www.europesays.com\/pt\/513670\/"},"modified":"2026-09-06T12:08:12","modified_gmt":"2026-09-06T12:08:12","slug":"persona-4-revival-destaca-o-tempestuoso-kanji-tatsumi","status":"publish","type":"post","link":"https:\/\/www.europesays.com\/pt\/513670\/","title":{"rendered":"Persona 4 Revival destaca o tempestuoso Kanji Tatsumi"},"content":{"rendered":"<p>A <strong>ATLUS<\/strong> divulgou na <strong>PAX West 2026<\/strong> um novo trailer do jogo <strong>Persona 4 Revival<\/strong>, que vai receber lan\u00e7amento para <strong>PlayStation 5<\/strong>, <strong>XBOX Series, XBOX Game Pass, <\/strong>e <strong>PC<\/strong> (Steam e Microsoft Store) no dia 18 de fevereiro de 2027, focado em Kanji Tatsumi, o delinquente de cora\u00e7\u00e3o quente, portador da Persona Take-Mikazuchi.<\/p>\n<p>A descri\u00e7\u00e3o oficial da personagem, dispon\u00edvel no site oficial do jogo \u00e9 a seguinte:<\/p>\n<p><strong>Kanji Tatsumi<\/strong> (voz inglesa de Daman Mills e voz japonesa de Tomokazu Seki)<\/p>\n<p>Um estudante do primeiro ano do ensino secund\u00e1rio com uma reputa\u00e7\u00e3o tem\u00edvel de delinquente. De personalidade rude e extremamente direto, \u00e9, no entanto, profundamente leal. A sua m\u00e3e, propriet\u00e1ria de uma loja de tecidos, repreende-o frequentemente por causa da forma como se veste. A sua Persona \u00e9 Take-Mikazuchi.\u00a0<\/p>\n","protected":false},"excerpt":{"rendered":"A ATLUS divulgou na PAX West 2026 um novo trailer do jogo Persona 4 Revival, que vai receber&hellip;\n","protected":false},"author":2,"featured_media":513671,"comment_status":"","ping_status":"","sticky":false,"template":"","format":"standard","meta":{"footnotes":"","_share_on_mastodon":"0"},"categories":[84],"tags":[109,107,108,32,33,105,103,104,106,110],"class_list":["post-513670","post","type-post","status-publish","format-standard","has-post-thumbnail","category-ciencia-e-tecnologia","tag-ciencia","tag-ciencia-e-tecnologia","tag-cienciaetecnologia","tag-portugal","tag-pt","tag-science","tag-science-and-technology","tag-scienceandtechnology","tag-technology","tag-tecnologia"],"share_on_mastodon":{"url":"https:\/\/pubeurope.com\/@pt\/117224021073436456","error":""},"_links":{"self":[{"href":"https:\/\/www.europesays.com\/pt\/wp-json\/wp\/v2\/posts\/513670","targetHints":{"allow":["GET"]}}],"collection":[{"href":"https:\/\/www.europesays.com\/pt\/wp-json\/wp\/v2\/posts"}],"about":[{"href":"https:\/\/www.europesays.com\/pt\/wp-json\/wp\/v2\/types\/post"}],"author":[{"embeddable":true,"href":"https:\/\/www.europesays.com\/pt\/wp-json\/wp\/v2\/users\/2"}],"replies":[{"embeddable":true,"href":"https:\/\/www.europesays.com\/pt\/wp-json\/wp\/v2\/comments?post=513670"}],"version-history":[{"count":0,"href":"https:\/\/www.europesays.com\/pt\/wp-json\/wp\/v2\/posts\/513670\/revisions"}],"wp:featuredmedia":[{"embeddable":true,"href":"https:\/\/www.europesays.com\/pt\/wp-json\/wp\/v2\/media\/513671"}],"wp:attachment":[{"href":"https:\/\/www.europesays.com\/pt\/wp-json\/wp\/v2\/media?parent=513670"}],"wp:term":[{"taxonomy":"category","embeddable":true,"href":"https:\/\/www.europesays.com\/pt\/wp-json\/wp\/v2\/categories?post=513670"},{"taxonomy":"post_tag","embeddable":true,"href":"https:\/\/www.europesays.com\/pt\/wp-json\/wp\/v2\/tags?post=513670"}],"curies":[{"name":"wp","href":"https:\/\/api.w.org\/{rel}","templated":true}]}}