{"id":513690,"date":"2026-09-06T12:24:53","date_gmt":"2026-09-06T12:24:53","guid":{"rendered":"https:\/\/www.europesays.com\/pt\/513690\/"},"modified":"2026-09-06T12:24:53","modified_gmt":"2026-09-06T12:24:53","slug":"tcl-apresenta-dois-smartphones-que-querem-juntar-tecnologia-amoled-com-capacidades-de-leitor-digital","status":"publish","type":"post","link":"https:\/\/www.europesays.com\/pt\/513690\/","title":{"rendered":"TCL apresenta dois smartphones que querem juntar tecnologia AMOLED com capacidades de leitor digital"},"content":{"rendered":"<p>&#8211; Publicidade &#8211;<\/p>\n<p><strong>Os P80 Pro e P80 Ultra tecnologia NXTPAPER e j\u00e1 s\u00e3o capazes de atingir 120 Hz.<\/strong><\/p>\n<p>A <strong>TCL<\/strong> <a href=\"https:\/\/www.prnewswire.com\/news-releases\/tcl-advances-its-smartphone-ambition-with-the-p80-series-at-ifa-2026-302868624.html\" target=\"_blank\" rel=\"noopener external nofollow\" data-wpel-link=\"external\">apresentou<\/a> na <strong>IFA 2026<\/strong> os novos <strong>P80 Pro<\/strong> e <strong>P80 Ultra<\/strong>, dois smartphones <strong>Android<\/strong> que tentam aproximar a experi\u00eancia de leitura num telem\u00f3vel \u00e0 de um leitor digital, sem abdicar dos benef\u00edcios de um painel AMOLED convencional.<\/p>\n<p>Os dois modelos utilizam um ecr\u00e3 AMOLED NXTPAPER de 6,83 polegadas, com resolu\u00e7\u00e3o 1.5K, taxa de atualiza\u00e7\u00e3o de 120 Hz e brilho m\u00e1ximo de 3.200 nits. A solu\u00e7\u00e3o NXTPAPER da TCL acrescenta um tratamento antirreflexo e modos de visualiza\u00e7\u00e3o orientados para reduzir o desconforto durante sess\u00f5es prolongadas.<\/p>\n<p>Os modelos contam ainda com um bot\u00e3o dedicado que ativa o modo NXTPAPER, reduzindo distra\u00e7\u00f5es, silenciando notifica\u00e7\u00f5es e limitando a atividade em segundo plano, que de acordo com TCL, tamb\u00e9m permite uma autonomia de at\u00e9 uma semana.<\/p>\n<p>A experi\u00eancia de leitura inclui ainda fun\u00e7\u00f5es de intelig\u00eancia artificial que permitem converter livros digitais em audiolivros ou podcasts. E os dois modelos incluem tamb\u00e9m o <strong>Google Gemini<\/strong> e outras funcionalidades de IA integradas no Android.<\/p>\n<p>No interior, o P80 Pro e o P80 Ultra utilizam o <strong>MediaTek Dimensity 7400 Elite<\/strong>, acompanhado por 8GB de RAM, bateria de 5.800 mAh e carregamento r\u00e1pido de 45W, com as principais diferen\u00e7as encontradas nas c\u00e2maras e no armazenamento. O P80 Pro tem uma c\u00e2mara principal de 50MP e uma ultra-angular de 8MP. E o P80 Ultra acrescenta uma teleobjetiva perisc\u00f3pica de 50MP com zoom \u00f3tico de 3x e est\u00e1 dispon\u00edvel com at\u00e9 512GB de armazenamento.<\/p>\n<p>Os dois smartphones chegam \u00e0 Europa por <strong>428\u20ac<\/strong> no caso do P80 Pro e <strong>549\u20ac<\/strong> no P80 Ultra.<\/p>\n","protected":false},"excerpt":{"rendered":"&#8211; Publicidade &#8211; Os P80 Pro e P80 Ultra tecnologia NXTPAPER e j\u00e1 s\u00e3o capazes de atingir 120&hellip;\n","protected":false},"author":2,"featured_media":513691,"comment_status":"","ping_status":"","sticky":false,"template":"","format":"standard","meta":{"footnotes":"","_share_on_mastodon":"0"},"categories":[84],"tags":[109,107,108,32,33,105,103,104,106,110],"class_list":["post-513690","post","type-post","status-publish","format-standard","has-post-thumbnail","category-ciencia-e-tecnologia","tag-ciencia","tag-ciencia-e-tecnologia","tag-cienciaetecnologia","tag-portugal","tag-pt","tag-science","tag-science-and-technology","tag-scienceandtechnology","tag-technology","tag-tecnologia"],"share_on_mastodon":{"url":"https:\/\/pubeurope.com\/@pt\/117224087857027091","error":""},"_links":{"self":[{"href":"https:\/\/www.europesays.com\/pt\/wp-json\/wp\/v2\/posts\/513690","targetHints":{"allow":["GET"]}}],"collection":[{"href":"https:\/\/www.europesays.com\/pt\/wp-json\/wp\/v2\/posts"}],"about":[{"href":"https:\/\/www.europesays.com\/pt\/wp-json\/wp\/v2\/types\/post"}],"author":[{"embeddable":true,"href":"https:\/\/www.europesays.com\/pt\/wp-json\/wp\/v2\/users\/2"}],"replies":[{"embeddable":true,"href":"https:\/\/www.europesays.com\/pt\/wp-json\/wp\/v2\/comments?post=513690"}],"version-history":[{"count":0,"href":"https:\/\/www.europesays.com\/pt\/wp-json\/wp\/v2\/posts\/513690\/revisions"}],"wp:featuredmedia":[{"embeddable":true,"href":"https:\/\/www.europesays.com\/pt\/wp-json\/wp\/v2\/media\/513691"}],"wp:attachment":[{"href":"https:\/\/www.europesays.com\/pt\/wp-json\/wp\/v2\/media?parent=513690"}],"wp:term":[{"taxonomy":"category","embeddable":true,"href":"https:\/\/www.europesays.com\/pt\/wp-json\/wp\/v2\/categories?post=513690"},{"taxonomy":"post_tag","embeddable":true,"href":"https:\/\/www.europesays.com\/pt\/wp-json\/wp\/v2\/tags?post=513690"}],"curies":[{"name":"wp","href":"https:\/\/api.w.org\/{rel}","templated":true}]}}