{"id":513730,"date":"2026-09-06T12:56:13","date_gmt":"2026-09-06T12:56:13","guid":{"rendered":"https:\/\/www.europesays.com\/pt\/513730\/"},"modified":"2026-09-06T12:56:13","modified_gmt":"2026-09-06T12:56:13","slug":"izuku-midoriya-entra-em-cena-em-my-hero-academia-alls-justice","status":"publish","type":"post","link":"https:\/\/www.europesays.com\/pt\/513730\/","title":{"rendered":"Izuku Midoriya entra em cena em MY HERO ACADEMIA: All&#8217;s Justice"},"content":{"rendered":"<p style=\"text-align: justify;\"><strong>MY HERO ACADEMIA: All\u2019s Justice<\/strong> recebe uma nova adi\u00e7\u00e3o empolgante com a chegada de Izuku Midoriya Overlay Full Style, a terceira personagem DLC do Season Pass. Esta nova vers\u00e3o do futuro s\u00edmbolo da paz traz consigo um conjunto impressionante de habilidades, prometendo elevar a experi\u00eancia de combate para novos patamares.<\/p>\n<p style=\"text-align: justify;\">Izuku, que j\u00e1 se destacou no anime, agora utiliza o poder de One For All de uma forma inovadora. Os jogadores v\u00e3o poder explorar uma variedade de t\u00e9cnicas devastadoras, como Blackchain e Delaware Smash, que tornam o seu estilo de combate ainda mais din\u00e2mico e explosivo. As novas mec\u00e2nicas prometem n\u00e3o s\u00f3 intensificar a jogabilidade, mas tamb\u00e9m permitir combos poderosos que ir\u00e3o desafiar at\u00e9 os mais experientes jogadores.<\/p>\n<p> Publicidade &#8211; Continue a ler a seguir<\/p>\n<p style=\"text-align: justify;\"><strong>MY HERO ACADEMIA: All\u2019s Justice<\/strong> j\u00e1 est\u00e1 dispon\u00edvel para PlayStation 5, Xbox Series X|S e PC via Steam. Para aqueles que adquiriram a Deluxe Edition, a Ultimate Edition ou o Season Pass, o acesso a Izuku Midoriya Overlay Full Style \u00e9 autom\u00e1tico. \u00c9 importante notar que o DLC 3 tamb\u00e9m ser\u00e1 disponibilizado para a Nintendo Switch 2, assim que a vers\u00e3o para esta plataforma for lan\u00e7ada, agendada para 4 de setembro de 2026.<\/p>\n<p style=\"text-align: justify;\">Al\u00e9m disso, os f\u00e3s podem assistir ao novo trailer que apresenta n\u00e3o s\u00f3 a personagem mas tamb\u00e9m um roteiro dos pr\u00f3ximos DLCs pagos e atualiza\u00e7\u00f5es de conte\u00fado gratuito, garantindo que a aventura em <strong>MY HERO ACADEMIA: All\u2019s Justice<\/strong> continuar\u00e1 a evoluir.<\/p>\n<p style=\"text-align: justify;\">Em suma, <strong>MY HERO ACADEMIA: All\u2019s Justice<\/strong> j\u00e1 est\u00e1 dispon\u00edvel para PlayStation 5, Xbox Series X|S e PC via Steam, com a vers\u00e3o para Nintendo Switch 2 a ser lan\u00e7ada a 4 de setembro de 2026.<\/p>\n","protected":false},"excerpt":{"rendered":"MY HERO ACADEMIA: All\u2019s Justice recebe uma nova adi\u00e7\u00e3o empolgante com a chegada de Izuku Midoriya Overlay Full&hellip;\n","protected":false},"author":2,"featured_media":513731,"comment_status":"","ping_status":"","sticky":false,"template":"","format":"standard","meta":{"footnotes":"","_share_on_mastodon":"0"},"categories":[84],"tags":[109,107,108,32,33,105,103,104,106,110],"class_list":["post-513730","post","type-post","status-publish","format-standard","has-post-thumbnail","category-ciencia-e-tecnologia","tag-ciencia","tag-ciencia-e-tecnologia","tag-cienciaetecnologia","tag-portugal","tag-pt","tag-science","tag-science-and-technology","tag-scienceandtechnology","tag-technology","tag-tecnologia"],"share_on_mastodon":{"url":"https:\/\/pubeurope.com\/@pt\/117224209316838359","error":""},"_links":{"self":[{"href":"https:\/\/www.europesays.com\/pt\/wp-json\/wp\/v2\/posts\/513730","targetHints":{"allow":["GET"]}}],"collection":[{"href":"https:\/\/www.europesays.com\/pt\/wp-json\/wp\/v2\/posts"}],"about":[{"href":"https:\/\/www.europesays.com\/pt\/wp-json\/wp\/v2\/types\/post"}],"author":[{"embeddable":true,"href":"https:\/\/www.europesays.com\/pt\/wp-json\/wp\/v2\/users\/2"}],"replies":[{"embeddable":true,"href":"https:\/\/www.europesays.com\/pt\/wp-json\/wp\/v2\/comments?post=513730"}],"version-history":[{"count":0,"href":"https:\/\/www.europesays.com\/pt\/wp-json\/wp\/v2\/posts\/513730\/revisions"}],"wp:featuredmedia":[{"embeddable":true,"href":"https:\/\/www.europesays.com\/pt\/wp-json\/wp\/v2\/media\/513731"}],"wp:attachment":[{"href":"https:\/\/www.europesays.com\/pt\/wp-json\/wp\/v2\/media?parent=513730"}],"wp:term":[{"taxonomy":"category","embeddable":true,"href":"https:\/\/www.europesays.com\/pt\/wp-json\/wp\/v2\/categories?post=513730"},{"taxonomy":"post_tag","embeddable":true,"href":"https:\/\/www.europesays.com\/pt\/wp-json\/wp\/v2\/tags?post=513730"}],"curies":[{"name":"wp","href":"https:\/\/api.w.org\/{rel}","templated":true}]}}