{"id":513770,"date":"2026-09-06T13:32:12","date_gmt":"2026-09-06T13:32:12","guid":{"rendered":"https:\/\/www.europesays.com\/pt\/513770\/"},"modified":"2026-09-06T13:32:12","modified_gmt":"2026-09-06T13:32:12","slug":"marco-modernista-edificio-alianca-da-bahia-recebera-casacor-rio-apos-dois-anos-de-obras-retrofit","status":"publish","type":"post","link":"https:\/\/www.europesays.com\/pt\/513770\/","title":{"rendered":"Marco modernista, Edif\u00edcio Alian\u00e7a da Bahia receber\u00e1 CASACOR Rio ap\u00f3s dois anos de obras retrofit"},"content":{"rendered":"\n<p class=\" content-text__container theme-color-primary-first-letter\" data-track-category=\"Link no Texto\" data-track-links=\"\"> Um dos marcos da arquitetura modernista no Rio, o pr\u00e9dio Alian\u00e7a da Bahia, na Rua Ara\u00fajo Porto Alegre, em frente ao Pal\u00e1cio Gustavo Capanema, vai voltar \u00e0 ativa ap\u00f3s ser submetido a um retrofit completo por dois anos e meio dentro do programa Reviver Centro. O edif\u00edcio receber\u00e1 a mostra CASACOR Rio, que tem 35 anos e \u00e9 a mais antiga franquia da plataforma CASACOR, marca que pertence \u00e0 Editora Globo. O evento de design de interiores come\u00e7a no pr\u00f3ximo dia 15 e vai at\u00e9 8 de novembro. Sete andares, incluindo o rooftop, v\u00e3o exibir 47 ambientes, nos quais arquitetos apresentam propostas para a organiza\u00e7\u00e3o de espa\u00e7os como lofts, est\u00fadios e at\u00e9 um consult\u00f3rio de psicanalista. <\/p>\n<p class=\" content-text__container \" data-track-category=\"Link no Texto\" data-track-links=\"\"> Os projetos foram desenvolvidos por nomes como Jairo de Sender, que apresenta no terceiro andar a proposta de um loft adaptado para um casal com mais de 60 anos, sendo um deles cadeirante. No sexto andar, a arquiteta Jacira Pinheiro e o escrit\u00f3rio Lessa Zanetta Arquitetura desenvolveram ideias para dois im\u00f3veis de 80 metros quadrados. <\/p>\n<p class=\" content-text__container \" data-track-category=\"Link no Texto\" data-track-links=\"\"> \u2014 Desde a primeira edi\u00e7\u00e3o, realizada na casa que pertencia a Lourdes Cat\u00e3o, na Urca, a proposta \u00e9 promover a CASACOR em locais ic\u00f4nicos da cidade. Passamos, por exemplo, pela Casa Julieta de Serpa (no Flamengo) e a Casa Firjan (Palacete Celina Guinle e Linneo de Paula Machado, em Botafogo). Mas essa ser\u00e1 a primeira vez que o evento ocorrer\u00e1 no cora\u00e7\u00e3o do centro do Rio \u2014 disse Patr\u00edcia Mayer, diretora da CASACOR Rio. <\/p>\n<p class=\" content-text__container \" data-track-category=\"Link no Texto\" data-track-links=\"\"> A forma\u00e7\u00e3o dessa parte da cidade onde fica o Alian\u00e7a da Bahia seguiu o plano urban\u00edstico do arquiteto franc\u00eas Alfredo Agache, que orientou o crescimento do Centro a partir de 1930. O projeto inspirou a criatividade dos arquitetos modernistas. N\u00e3o faltam exemplos que podem ser observados do rooftop do Alian\u00e7a, onde organizadores do evento v\u00e3o instalar uma sinaliza\u00e7\u00e3o para indicar os pontos de interesse. <\/p>\n","protected":false},"excerpt":{"rendered":"Um dos marcos da arquitetura modernista no Rio, o pr\u00e9dio Alian\u00e7a da Bahia, na Rua Ara\u00fajo Porto Alegre,&hellip;\n","protected":false},"author":2,"featured_media":513771,"comment_status":"","ping_status":"","sticky":false,"template":"","format":"standard","meta":{"footnotes":"","_share_on_mastodon":"0"},"categories":[144],"tags":[207,205,206,203,201,202,204,114,115,718,32,33],"class_list":["post-513770","post","type-post","status-publish","format-standard","has-post-thumbnail","category-arte-e-design","tag-arte","tag-arte-e-design","tag-artedesign","tag-arts","tag-arts-and-design","tag-artsanddesign","tag-design","tag-entertainment","tag-entretenimento","tag-newsletter","tag-portugal","tag-pt"],"share_on_mastodon":{"url":"https:\/\/pubeurope.com\/@pt\/117224351094503337","error":""},"_links":{"self":[{"href":"https:\/\/www.europesays.com\/pt\/wp-json\/wp\/v2\/posts\/513770","targetHints":{"allow":["GET"]}}],"collection":[{"href":"https:\/\/www.europesays.com\/pt\/wp-json\/wp\/v2\/posts"}],"about":[{"href":"https:\/\/www.europesays.com\/pt\/wp-json\/wp\/v2\/types\/post"}],"author":[{"embeddable":true,"href":"https:\/\/www.europesays.com\/pt\/wp-json\/wp\/v2\/users\/2"}],"replies":[{"embeddable":true,"href":"https:\/\/www.europesays.com\/pt\/wp-json\/wp\/v2\/comments?post=513770"}],"version-history":[{"count":0,"href":"https:\/\/www.europesays.com\/pt\/wp-json\/wp\/v2\/posts\/513770\/revisions"}],"wp:featuredmedia":[{"embeddable":true,"href":"https:\/\/www.europesays.com\/pt\/wp-json\/wp\/v2\/media\/513771"}],"wp:attachment":[{"href":"https:\/\/www.europesays.com\/pt\/wp-json\/wp\/v2\/media?parent=513770"}],"wp:term":[{"taxonomy":"category","embeddable":true,"href":"https:\/\/www.europesays.com\/pt\/wp-json\/wp\/v2\/categories?post=513770"},{"taxonomy":"post_tag","embeddable":true,"href":"https:\/\/www.europesays.com\/pt\/wp-json\/wp\/v2\/tags?post=513770"}],"curies":[{"name":"wp","href":"https:\/\/api.w.org\/{rel}","templated":true}]}}