{"id":513788,"date":"2026-09-06T13:49:46","date_gmt":"2026-09-06T13:49:46","guid":{"rendered":"https:\/\/www.europesays.com\/pt\/513788\/"},"modified":"2026-09-06T13:49:46","modified_gmt":"2026-09-06T13:49:46","slug":"ha-trabalho-que-nao-pode-esperar-seguro-publica-fotografia-a-promulgar-diplomas-nas-ferias-sic-noticias","status":"publish","type":"post","link":"https:\/\/www.europesays.com\/pt\/513788\/","title":{"rendered":"\u201cH\u00e1 trabalho que n\u00e3o pode esperar\u201d: Seguro publica fotografia a promulgar diplomas nas f\u00e9rias &#8211; SIC Not\u00edcias"},"content":{"rendered":"<ol>\n<li><a href=\"https:\/\/news.google.com\/rss\/articles\/CBMi-wFBVV95cUxOX21qY3o4RE9WSzZ4aGxueXdCcl9RMEpHNmFoLVEtNllVbXpIb3ptZmFINTNBUHE3R00zQzl3NFhiRVMwVXVzV3VZaUowTUREa1FSOVB0d25PT0Z2RTR2cHg2QkxjM3BHLWpaUWVGZHBMd2JtektJczBneEdMb3RvYjF2U0V4TlhmaWZZVUJ4Z2lJSE9sQi1xNy05azc0eUpSN3F0Z2tOZjMtblJ4TlJwRzhLZHc2NTJQYkV1bVFjQmpSQ2dKeGVKYk9UcndCSS1KQTZrUC1WTGZEdnRDRDlpbWFMZU9iMGN1ZWJsdGdkVUdieERZc1RodkJFOA?oc=5\" target=\"_blank\" rel=\"nofollow noopener\">\u201cH\u00e1 trabalho que n\u00e3o pode esperar\u201d: Seguro publica fotografia a promulgar diplomas nas f\u00e9rias<\/a>&nbsp;&nbsp;SIC Not\u00edcias<\/li>\n<li><a href=\"https:\/\/news.google.com\/rss\/articles\/CBMinwFBVV95cUxNV1NSTEhibEJWNG5Ma3ZrR2NkaWpqT3ROY1hlbkdrXzNiSEd5OGw2MWhPcVRwREdpRld1Ukh4VUpHRmZLV0tJMFRJZk5RU0djX2VGUnlvcVBqTXM1em8xckdZSG9xbkoyX2lEUHo2cjNNUnpXNWhwanFxbzkyTXNXM1hYQ25mY1FxcF94bTFORG9xNlJNUl9NZnNzWXJ4ZDA?oc=5\" target=\"_blank\" rel=\"nofollow noopener\">Ant\u00f3nio Jos\u00e9 Seguro de f\u00e9rias em Porto Covo. Todas as imagens!<\/a>&nbsp;&nbsp;Correio da Manh\u00e3<\/li>\n<li><a href=\"https:\/\/news.google.com\/rss\/articles\/CBMiuAFBVV95cUxQaksxcS15Uk9pc1V1WURlaDAya2N0QlVuOTIxTnZabk5LZ04waWY5S2Y2aTZmSDJhQTJHczNGRFBORmZwWWhRVzVyNVFtX3NrTi1yTkhWY3NSdWZiRm5FWExWMjFOTHd1MVgtUndUTWZEZllJa05zNU5QVUVuYTVnSDBOUldRUl9hZmtnUm1wLWhTbDh5dHVVNEJCVllUeUtUbWoyd24zc3NpWXhrQ1NuUHJERnZlLWxK?oc=5\" target=\"_blank\" rel=\"nofollow noopener\">&#8220;N\u00e3o \u00e9 preciso&#8221;: Maya analisa f\u00e9rias de Ant\u00f3nio Jos\u00e9 Seguro e compara-o a Marcelo Rebelo de Sousa<\/a>&nbsp;&nbsp;Dioguinho<\/li>\n<li><a href=\"https:\/\/news.google.com\/rss\/articles\/CBMid0FVX3lxTE5sZDI4R1pGT3p5TDBQZV9uZEJGdnZ6cktSemgxcFQwUFR1TnRrc185MXNUclFfRG1ld2gzVl9tUTRoQVVPUmNTVWhXN3lseDY5NzJocVNKY3BqMVB6Wkg1UVE3SVRYVTd2cVBRdGRFU1ZqM0VtRTVJ?oc=5\" target=\"_blank\" rel=\"nofollow noopener\">Presidente \u2018espalha\u2019 simpatia em Porto Covo<\/a>&nbsp;&nbsp;Televis\u00e3o do Sul<\/li>\n<li><a href=\"https:\/\/news.google.com\/rss\/articles\/CBMisgFBVV95cUxNNVZ3TThpRnRNbmZKc3FIczQtQnJnMmlrRVRmUEN2d3lLTVdJVkFTcjAzMzRjcm1YYmFObVltNFM5LWZ0ejZLdDNfOWJqM1hyemIxNklBQWFaUVhBX3NQd0VmSWt4Nm5vSjZGUEFULXRoUG1ZSEctMFVvQnBvVEVHS3dsMXpZOWE2X1BIWVd6TWsycFpnWm1sSjFZeDRCTGpOZjlHYTZNNFdOTGdQTC1uTXRn?oc=5\" target=\"_blank\" rel=\"nofollow noopener\">Ant\u00f3nio Jos\u00e9 Seguro mant\u00e9m f\u00e9rias em Porto Covo e compara\u00e7\u00e3o com Marcelo provoca gargalhadas<\/a>&nbsp;&nbsp;Infocul<\/li>\n<\/ol>\n","protected":false},"excerpt":{"rendered":"\u201cH\u00e1 trabalho que n\u00e3o pode esperar\u201d: Seguro publica fotografia a promulgar diplomas nas f\u00e9rias&nbsp;&nbsp;SIC Not\u00edcias Ant\u00f3nio Jos\u00e9 Seguro&hellip;\n","protected":false},"author":2,"featured_media":513789,"comment_status":"","ping_status":"","sticky":false,"template":"","format":"standard","meta":{"footnotes":"","_share_on_mastodon":"0"},"categories":[144],"tags":[207,205,206,203,201,202,204,114,115,32,33],"class_list":["post-513788","post","type-post","status-publish","format-standard","has-post-thumbnail","category-arte-e-design","tag-arte","tag-arte-e-design","tag-artedesign","tag-arts","tag-arts-and-design","tag-artsanddesign","tag-design","tag-entertainment","tag-entretenimento","tag-portugal","tag-pt"],"share_on_mastodon":{"url":"https:\/\/pubeurope.com\/@pt\/117224417698631271","error":""},"_links":{"self":[{"href":"https:\/\/www.europesays.com\/pt\/wp-json\/wp\/v2\/posts\/513788","targetHints":{"allow":["GET"]}}],"collection":[{"href":"https:\/\/www.europesays.com\/pt\/wp-json\/wp\/v2\/posts"}],"about":[{"href":"https:\/\/www.europesays.com\/pt\/wp-json\/wp\/v2\/types\/post"}],"author":[{"embeddable":true,"href":"https:\/\/www.europesays.com\/pt\/wp-json\/wp\/v2\/users\/2"}],"replies":[{"embeddable":true,"href":"https:\/\/www.europesays.com\/pt\/wp-json\/wp\/v2\/comments?post=513788"}],"version-history":[{"count":0,"href":"https:\/\/www.europesays.com\/pt\/wp-json\/wp\/v2\/posts\/513788\/revisions"}],"wp:featuredmedia":[{"embeddable":true,"href":"https:\/\/www.europesays.com\/pt\/wp-json\/wp\/v2\/media\/513789"}],"wp:attachment":[{"href":"https:\/\/www.europesays.com\/pt\/wp-json\/wp\/v2\/media?parent=513788"}],"wp:term":[{"taxonomy":"category","embeddable":true,"href":"https:\/\/www.europesays.com\/pt\/wp-json\/wp\/v2\/categories?post=513788"},{"taxonomy":"post_tag","embeddable":true,"href":"https:\/\/www.europesays.com\/pt\/wp-json\/wp\/v2\/tags?post=513788"}],"curies":[{"name":"wp","href":"https:\/\/api.w.org\/{rel}","templated":true}]}}