{"id":513868,"date":"2026-09-06T15:13:16","date_gmt":"2026-09-06T15:13:16","guid":{"rendered":"https:\/\/www.europesays.com\/pt\/513868\/"},"modified":"2026-09-06T15:13:16","modified_gmt":"2026-09-06T15:13:16","slug":"quao-resistente-a-explosoes-e-a-bateria-do-galaxy-z-fold8","status":"publish","type":"post","link":"https:\/\/www.europesays.com\/pt\/513868\/","title":{"rendered":"Qu\u00e3o resistente a explos\u00f5es \u00e9 a bateria do Galaxy Z Fold8?"},"content":{"rendered":"<p> O Galaxy Z Fold8 se destaca por uma mudan\u00e7a significativa na tecnologia de baterias da <a class=\"data-link\" data-org-href=\"https:\/\/www.vietnam.vn\/pt\/tag\/samsung\" href=\"https:\/\/www.vietnam.vn\/pt\/tag\/samsung\" title=\"Samsung\" target=\"_blank\" rel=\"nofollow noopener\">Samsung<\/a> . \u00c9 o primeiro modelo Galaxy a utilizar baterias de sil\u00edcio-carbono. Essa tecnologia permite que a Samsung integre uma bateria de 5.000 mAh em um design dobr\u00e1vel, mantendo um formato fino e leve. Essa \u00e9 considerada uma das melhorias mais significativas da nova gera\u00e7\u00e3o de dispositivos Galaxy Z.<\/p>\n<p> N\u00e3o apenas o Galaxy Z Fold8, mas todos os novos modelos de celulares dobr\u00e1veis \u200b\u200bda Samsung utilizam essa tecnologia de bateria. No entanto, as diferen\u00e7as s\u00e3o mais evidentes no Galaxy Z Fold8 e no Z Fold8 Ultra. As baterias de sil\u00edcio-carbono utilizam uma certa quantidade de material de sil\u00edcio-carbono no \u00e2nodo para aumentar a densidade de energia. A Samsung ainda n\u00e3o divulgou a porcentagem exata de sil\u00edcio utilizada nessas baterias. <\/p>\n<tr>\n<td><img decoding=\"async\" src=\"https:\/\/www.europesays.com\/pt\/wp-content\/uploads\/2026\/09\/1788699691311_bi-mat-dang-sau-kha-nang-chong-chay-no-cua-pin-galaxy-z-fold8-120260906150501.webp\" class=\"__img_mastercms\" alt=\"Galaxy Z Fold8 g\u00e2y ch\u00fa \u00fd v\u1edbi m\u1ed9t thay \u0111\u1ed5i \u0111\u00e1ng k\u1ec3 v\u1ec1 pin.\" style=\"max-width:100%; padding:0px; margin:0px;;cursor:pointer\" title=\"O Galaxy Z Fold8 est\u00e1 chamando a aten\u00e7\u00e3o com uma mudan\u00e7a significativa em sua bateria.\"\/><\/td>\n<\/tr>\n<tr>\n<td style=\"text-align: center;\"> O Galaxy Z Fold8 est\u00e1 chamando a aten\u00e7\u00e3o com uma mudan\u00e7a significativa em sua bateria.<\/td>\n<\/tr>\n<p> A combina\u00e7\u00e3o de sil\u00edcio com carbono decorre das propriedades \u00fanicas desses materiais. O sil\u00edcio possui uma densidade energ\u00e9tica aproximadamente 10 vezes maior que a do grafite, mas expande e contrai facilmente durante o carregamento. Essa constante varia\u00e7\u00e3o de volume pode tornar a bateria menos est\u00e1vel. Portanto, o sil\u00edcio \u00e9 combinado com carbono para criar uma estrutura mais est\u00e1vel.<\/p>\n<p>Voc\u00ea tamb\u00e9m pode gostar<\/p>\n<p> Para mitigar esses riscos, a Samsung afirma ter redesenhado o sistema de baterias de seus produtos de alta densidade energ\u00e9tica. Uma fina camada de carbono \u00e9 adicionada ao \u00e2nodo para controlar a rea\u00e7\u00e3o do material de sil\u00edcio-carbono. Essa camada tamb\u00e9m ajuda a limitar as varia\u00e7\u00f5es de volume durante os processos de carga e descarga. A Samsung tamb\u00e9m adiciona aditivos ao eletr\u00f3lito para formar uma camada protetora de sil\u00edcio.<\/p>\n<p> A Samsung tamb\u00e9m focou nas capacidades de carregamento da dupla Galaxy Z Fold8. O sistema de bateria utiliza uma arquitetura de carregamento de caminho duplo para distribuir a energia de forma mais eficiente. Como resultado, espera-se que o processo de carregamento seja mais r\u00e1pido e est\u00e1vel. Tanto o Galaxy Z Fold8 quanto o Z Fold8 Ultra suportam carregamento de 45W.<\/p>\n<p> Enquanto isso, a Samsung otimizou o sistema de bateria do Galaxy Z Flip8 para se adequar \u00e0s caracter\u00edsticas \u00fanicas de seu design dobr\u00e1vel e compacto. A empresa focou em atender aos requisitos de espa\u00e7o interno e ao controle de temperatura. Essa abordagem demonstra que a bateria foi projetada para se encaixar no formato de cada dispositivo. A Samsung n\u00e3o aplica uma configura\u00e7\u00e3o completamente id\u00eantica a todos os modelos dobr\u00e1veis. <\/p>\n<tr>\n<td><img decoding=\"async\" src=\"https:\/\/www.europesays.com\/pt\/wp-content\/uploads\/2026\/09\/1788699693108_bi-mat-dang-sau-kha-nang-chong-chay-no-cua-pin-galaxy-z-fold8-220260906150500.webp\" class=\"__img_mastercms\" alt=\"Kh\u1ea3 n\u0103ng s\u1ea1c \u0111\u01b0\u1ee3c Samsung ch\u00fa tr\u1ecdng tr\u00ean b\u1ed9 \u0111\u00f4i Galaxy Z Fold8.\" style=\"max-width:100%; padding:0px; margin:0px;;cursor:pointer\" title=\"A Samsung deu grande \u00eanfase \u00e0s capacidades de carregamento na dupla Galaxy Z Fold8.\"\/><\/td>\n<\/tr>\n<tr>\n<td style=\"text-align: center;\"> A Samsung deu grande \u00eanfase \u00e0s capacidades de carregamento na dupla Galaxy Z Fold8.<\/td>\n<\/tr>\n<p>Voc\u00ea tamb\u00e9m pode gostar<\/p>\n<p> A capacidade da bateria do Galaxy Z Fold8 Ultra permanece em 5.000 mAh, inferior \u00e0 de alguns concorrentes no mercado. O Motorola Razr Fold e o Vivo X Fold 5 est\u00e3o entre os produtos mencionados com capacidades de bateria maiores. Mesmo assim, 5.000 mAh ainda representam uma melhoria significativa em rela\u00e7\u00e3o ao Galaxy Z Fold lan\u00e7ado no ano passado. A tecnologia de sil\u00edcio-carbono oferece \u00e0 Samsung mais espa\u00e7o para aumentar a densidade de energia sem expandir significativamente o tamanho da bateria.<\/p>\n<p> O surgimento das baterias de sil\u00edcio-carbono demonstra que a Samsung continua buscando maneiras de otimizar o espa\u00e7o em <a class=\"data-link\" data-org-href=\"https:\/\/www.vietnam.vn\/pt\/tag\/smartphone\" href=\"https:\/\/www.vietnam.vn\/pt\/tag\/smartphone\" title=\"smartphone\" target=\"_blank\" rel=\"nofollow noopener\">smartphones<\/a> dobr\u00e1veis. A combina\u00e7\u00e3o de alta densidade energ\u00e9tica com solu\u00e7\u00f5es de controle de estabilidade pode abrir novos caminhos para o desenvolvimento de dispositivos m\u00f3veis. Espera-se que essa tecnologia continue a evoluir no futuro. Notavelmente, o Galaxy S27, com lan\u00e7amento previsto para o pr\u00f3ximo ano, poder\u00e1 trazer ainda mais aplica\u00e7\u00f5es para essa tecnologia de bateria.<\/p>\n<p class=\"mb-0\"> Fonte: https:\/\/baoquocte.vn\/kha-nang-chong-chay-no-cua-pin-galaxy-z-fold8-440625.html<\/p>\n","protected":false},"excerpt":{"rendered":"O Galaxy Z Fold8 se destaca por uma mudan\u00e7a significativa na tecnologia de baterias da Samsung . \u00c9&hellip;\n","protected":false},"author":2,"featured_media":513869,"comment_status":"","ping_status":"","sticky":false,"template":"","format":"standard","meta":{"footnotes":"","_share_on_mastodon":"0"},"categories":[84],"tags":[82385,109,107,108,55886,32,33,952,105,103,104,106,110],"class_list":["post-513868","post","type-post","status-publish","format-standard","has-post-thumbnail","category-ciencia-e-tecnologia","tag-bateria-de-silicio-carbono","tag-ciencia","tag-ciencia-e-tecnologia","tag-cienciaetecnologia","tag-galaxy-z-fold8","tag-portugal","tag-pt","tag-samsung","tag-science","tag-science-and-technology","tag-scienceandtechnology","tag-technology","tag-tecnologia"],"share_on_mastodon":{"url":"https:\/\/pubeurope.com\/@pt\/117224749264684017","error":""},"_links":{"self":[{"href":"https:\/\/www.europesays.com\/pt\/wp-json\/wp\/v2\/posts\/513868","targetHints":{"allow":["GET"]}}],"collection":[{"href":"https:\/\/www.europesays.com\/pt\/wp-json\/wp\/v2\/posts"}],"about":[{"href":"https:\/\/www.europesays.com\/pt\/wp-json\/wp\/v2\/types\/post"}],"author":[{"embeddable":true,"href":"https:\/\/www.europesays.com\/pt\/wp-json\/wp\/v2\/users\/2"}],"replies":[{"embeddable":true,"href":"https:\/\/www.europesays.com\/pt\/wp-json\/wp\/v2\/comments?post=513868"}],"version-history":[{"count":0,"href":"https:\/\/www.europesays.com\/pt\/wp-json\/wp\/v2\/posts\/513868\/revisions"}],"wp:featuredmedia":[{"embeddable":true,"href":"https:\/\/www.europesays.com\/pt\/wp-json\/wp\/v2\/media\/513869"}],"wp:attachment":[{"href":"https:\/\/www.europesays.com\/pt\/wp-json\/wp\/v2\/media?parent=513868"}],"wp:term":[{"taxonomy":"category","embeddable":true,"href":"https:\/\/www.europesays.com\/pt\/wp-json\/wp\/v2\/categories?post=513868"},{"taxonomy":"post_tag","embeddable":true,"href":"https:\/\/www.europesays.com\/pt\/wp-json\/wp\/v2\/tags?post=513868"}],"curies":[{"name":"wp","href":"https:\/\/api.w.org\/{rel}","templated":true}]}}