{"id":513886,"date":"2026-09-06T15:30:11","date_gmt":"2026-09-06T15:30:11","guid":{"rendered":"https:\/\/www.europesays.com\/pt\/513886\/"},"modified":"2026-09-06T15:30:11","modified_gmt":"2026-09-06T15:30:11","slug":"telescopio-roman-completa-uma-semana-em-orbita-neste-domingo-6","status":"publish","type":"post","link":"https:\/\/www.europesays.com\/pt\/513886\/","title":{"rendered":"Telesc\u00f3pio Roman completa uma semana em \u00f3rbita neste domingo (6)"},"content":{"rendered":"<p>O <a title=\"Telesc\u00f3pio Espacial Roman\" href=\"https:\/\/www.otempo.com.br\/ciencia\/2026\/8\/3\/nasa-novo-telescopio-espacial-promete-desvendar-misterios-do-universo\" target=\"_blank\" rel=\"noopener nofollow\">Telesc\u00f3pio Espacial Roman<\/a>, da NASA, completa neste domingo (6\/9) sua primeira semana em \u00f3rbita, concluindo etapas decisivas de prepara\u00e7\u00e3o para iniciar suas opera\u00e7\u00f5es cient\u00edficas. No s\u00e1bado, ele passava de 630 mil km de dist\u00e2ncia da Terra, a caminho de sua miss\u00e3o.<\/p>\n<p>\u00a0<\/p>\n<p>\u00a0Lan\u00e7ado por um foguete Falcon Heavy, da SpaceX, no dia 30 de agosto, o observat\u00f3rio desdobrou com sucesso seus pain\u00e9is solares, a antena de comunica\u00e7\u00e3o de alto ganho e a cobertura de abertura retr\u00e1til. Com os sistemas b\u00e1sicos operacionais, a equipe da miss\u00e3o iniciou a energiza\u00e7\u00e3o do instrumental cient\u00edfico, prevendo a divulga\u00e7\u00e3o das primeiras imagens do espa\u00e7o profundo para o in\u00edcio de 2027.<\/p>\n<p>\u00a0<\/p>\n<blockquote class=\"twitter-tweet\" data-media-max-width=\"560\">\n<p dir=\"ltr\" lang=\"en\">The Nancy Grace Roman Space Telescope has officially launched and is heading to its forever home at L2!<\/p>\n<p>Over the next three months, the observatory will perform final checks and power its instruments before revealing its first images by early 2027.<a href=\"https:\/\/t.co\/IdabpolHmh\" rel=\"nofollow\">https:\/\/t.co\/IdabpolHmh<\/a> <a href=\"https:\/\/t.co\/tuDHAEzgKh\" rel=\"nofollow\">pic.twitter.com\/tuDHAEzgKh<\/a><\/p>\n<p> \u2014 Nancy Grace Roman Space Telescope (@NASARoman) <a href=\"https:\/\/x.com\/NASARoman\/status\/2094065588452655364?ref_src=twsrc%5Etfw\" rel=\"nofollow\">August 30, 2026<\/a>\n  <\/p><\/blockquote>\n<p>A antena de alto ganho, projetada para transmitir o maior volume de dados de uma miss\u00e3o astrof\u00edsica da hist\u00f3ria da NASA, teve sua implanta\u00e7\u00e3o conclu\u00edda no dia 31 de agosto. Com 1,7 metro de largura e peso de 11 quilos, a estrutura \u00e9 fabricada em composto de carbono para resistir \u00e0s varia\u00e7\u00f5es extremas de temperatura. O dispositivo de banda dupla receber\u00e1 instru\u00e7\u00f5es da Terra e transmitir\u00e1 dados a uma taxa de at\u00e9 500 megabits por segundo, cobrindo uma dist\u00e2ncia de 1,6 milh\u00e3o de quil\u00f4metros at\u00e9 esta\u00e7\u00f5es terrestres localizadas no Novo M\u00e9xico, na Austr\u00e1lia e no Jap\u00e3o.<\/p>\n<p>\u00a0<\/p>\n<blockquote class=\"twitter-tweet\" data-media-max-width=\"560\">\n<p dir=\"ltr\" lang=\"en\">Earth to Roman! \ud83d\udce1<\/p>\n<p>Our team has deployed Roman\u2019s high-data-rate dish antenna. This antenna will be used to send more than a terabyte of science data down from the observatory daily.<a href=\"https:\/\/t.co\/VCza9Jp04D\" rel=\"nofollow\">https:\/\/t.co\/VCza9Jp04D<\/a> <a href=\"https:\/\/t.co\/mHEmPcLgdg\" rel=\"nofollow\">pic.twitter.com\/mHEmPcLgdg<\/a><\/p>\n<p> \u2014 Nancy Grace Roman Space Telescope (@NASARoman) <a href=\"https:\/\/x.com\/NASARoman\/status\/2094813291944071545?ref_src=twsrc%5Etfw\" rel=\"nofollow\">September 1, 2026<\/a>\n  <\/p><\/blockquote>\n<p>Na manh\u00e3 do dia 1\u00ba de setembro, a miss\u00e3o finalizou a libera\u00e7\u00e3o da cobertura retr\u00e1til da abertura, acionada por tr\u00eas bra\u00e7os articulados eletr\u00f4nicos. O grande para-sol foi projetado para evitar que raios de luz indesejados atinjam os sensores do telesc\u00f3pio e interfiram no campo de vis\u00e3o das observa\u00e7\u00f5es.<\/p>\n<p>Com o desdobramento f\u00edsico conclu\u00eddo, os t\u00e9cnicos iniciaram a energiza\u00e7\u00e3o do instrumento Coron\u00f3grafo de Roman. O equipamento passar\u00e1 por semanas de calibra\u00e7\u00e3o e testes operacionais supervisionados para garantir a precis\u00e3o dos sistemas antes de iniciar a coleta de dados.<\/p>\n<p>\u00a0<\/p>\n<blockquote class=\"twitter-tweet\" data-media-max-width=\"560\">\n<p dir=\"ltr\" lang=\"en\">We\u2019ve got our starglasses on! \ud83e\udd29<\/p>\n<p>Roman\u2019s Coronagraph Instrument has activated. This system of masks, prisms, detectors, and self-flexing mirrors will block out the glare from distant stars and directly image the planets and disks in orbit around them.<a href=\"https:\/\/t.co\/1Rux9EC54J\" rel=\"nofollow\">https:\/\/t.co\/1Rux9EC54J<\/a> <a href=\"https:\/\/t.co\/V5AtBlx1VW\" rel=\"nofollow\">pic.twitter.com\/V5AtBlx1VW<\/a><\/p>\n<p>    \u2014 Nancy Grace Roman Space Telescope (@NASARoman) <a href=\"https:\/\/x.com\/NASARoman\/status\/2094814081785979194?ref_src=twsrc%5Etfw\" rel=\"nofollow\">September 1, 2026<\/a>\n  <\/p><\/blockquote>\n<p>O cronograma oficial estabelece que o instrumento de Campo Amplo (Wide Field Instrument) ser\u00e1 ligado em algumas semanas. Ambos os dispositivos passar\u00e3o por verifica\u00e7\u00f5es rigorosas ao longo do per\u00edodo de comissionamento do telesc\u00f3pio, que ter\u00e1 dura\u00e7\u00e3o total de tr\u00eas meses at\u00e9 a libera\u00e7\u00e3o definitiva para a comunidade cient\u00edfica. (<strong>Com ag\u00eancias de not\u00edcias)<\/strong><\/p>\n<p>      <script async src=\"https:\/\/platform.twitter.com\/widgets.js\" charset=\"utf-8\"><\/script><\/p>\n","protected":false},"excerpt":{"rendered":"O Telesc\u00f3pio Espacial Roman, da NASA, completa neste domingo (6\/9) sua primeira semana em \u00f3rbita, concluindo etapas decisivas&hellip;\n","protected":false},"author":2,"featured_media":513887,"comment_status":"","ping_status":"","sticky":false,"template":"","format":"standard","meta":{"footnotes":"","_share_on_mastodon":"0"},"categories":[84],"tags":[109,107,108,3190,1149,48430,32,33,82391,105,103,104,106,110,10541],"class_list":["post-513886","post","type-post","status-publish","format-standard","has-post-thumbnail","category-ciencia-e-tecnologia","tag-ciencia","tag-ciencia-e-tecnologia","tag-cienciaetecnologia","tag-exploracao-espacial","tag-nasa","tag-orbita","tag-portugal","tag-pt","tag-roman","tag-science","tag-science-and-technology","tag-scienceandtechnology","tag-technology","tag-tecnologia","tag-telescopio"],"share_on_mastodon":{"url":"https:\/\/pubeurope.com\/@pt\/117224814895917537","error":""},"_links":{"self":[{"href":"https:\/\/www.europesays.com\/pt\/wp-json\/wp\/v2\/posts\/513886","targetHints":{"allow":["GET"]}}],"collection":[{"href":"https:\/\/www.europesays.com\/pt\/wp-json\/wp\/v2\/posts"}],"about":[{"href":"https:\/\/www.europesays.com\/pt\/wp-json\/wp\/v2\/types\/post"}],"author":[{"embeddable":true,"href":"https:\/\/www.europesays.com\/pt\/wp-json\/wp\/v2\/users\/2"}],"replies":[{"embeddable":true,"href":"https:\/\/www.europesays.com\/pt\/wp-json\/wp\/v2\/comments?post=513886"}],"version-history":[{"count":0,"href":"https:\/\/www.europesays.com\/pt\/wp-json\/wp\/v2\/posts\/513886\/revisions"}],"wp:featuredmedia":[{"embeddable":true,"href":"https:\/\/www.europesays.com\/pt\/wp-json\/wp\/v2\/media\/513887"}],"wp:attachment":[{"href":"https:\/\/www.europesays.com\/pt\/wp-json\/wp\/v2\/media?parent=513886"}],"wp:term":[{"taxonomy":"category","embeddable":true,"href":"https:\/\/www.europesays.com\/pt\/wp-json\/wp\/v2\/categories?post=513886"},{"taxonomy":"post_tag","embeddable":true,"href":"https:\/\/www.europesays.com\/pt\/wp-json\/wp\/v2\/tags?post=513886"}],"curies":[{"name":"wp","href":"https:\/\/api.w.org\/{rel}","templated":true}]}}