{"id":513930,"date":"2026-09-06T16:16:18","date_gmt":"2026-09-06T16:16:18","guid":{"rendered":"https:\/\/www.europesays.com\/pt\/513930\/"},"modified":"2026-09-06T16:16:18","modified_gmt":"2026-09-06T16:16:18","slug":"asus-revoluciona-computacao-com-novos-proart-e-nvidia-rtx-spark-na-ifa-2026","status":"publish","type":"post","link":"https:\/\/www.europesays.com\/pt\/513930\/","title":{"rendered":"ASUS revoluciona computa\u00e7\u00e3o com novos ProArt e NVIDIA RTX Spark na IFA 2026"},"content":{"rendered":"<p style=\"text-align: justify;\">A ASUS marcou uma forte presen\u00e7a na IFA 2026, em Berlim, com o an\u00fancio de uma nova gera\u00e7\u00e3o de computadores pensados de raiz para a era da Intelig\u00eancia Artificial. O grande destaque do evento foi a revela\u00e7\u00e3o dos port\u00e1teis ProArt P16 e P14, bem como do mini PC ProArt GR1X, assumindo-se como os primeiros equipamentos do mundo a integrar a revolucion\u00e1ria tecnologia NVIDIA RTX Spark. Esta nova linha foca-se na explora\u00e7\u00e3o da Agentic AI, prometendo transformar os fluxos de trabalho criativos e de desenvolvimento atrav\u00e9s de solu\u00e7\u00f5es aut\u00f3nomas locais.<\/p>\n<p style=\"text-align: justify;\">O verdadeiro motor destas novas m\u00e1quinas reside no superchip NVIDIA RTX Spark, que combina a arquitetura GPU Blackwell com uma impressionante mem\u00f3ria unificada de at\u00e9 128 GB. Esta capacidade de hardware permite o processamento local de Modelos de Linguagem de Grande Escala (LLM) com at\u00e9 120 mil milh\u00f5es de par\u00e2metros e a gera\u00e7\u00e3o de v\u00eddeo em 4K. Para os criadores de conte\u00fado, isto significa o fim dos custos vari\u00e1veis baseados em tokens associados \u00e0 nuvem, garantindo total privacidade dos dados e ferramentas gerativas que funcionam mesmo sem liga\u00e7\u00e3o \u00e0 Internet.<\/p>\n<p><img decoding=\"async\" style=\"display: block; margin-left: auto; margin-right: auto;\" src=\"https:\/\/dlcdnwebimgs.asus.com\/files\/media\/237e90cb-2051-4ac0-9c1d-ae686b7f7f9f\/v4\/features\/images\/large\/1x\/kv.avif\" alt=\"Two ProArt P16 laptops: a Nano Black unit in the foreground displaying vibrant color, and a Neo White unit positioned behind it with its back lid facing forward, showcasing the ProArt logo.\" width=\"600\"\/><\/p>\n<p style=\"text-align: justify;\">No que toca \u00e0 mobilidade, os novos port\u00e1teis conseguem integrar este poder de processamento em chassis extremamente esbeltos. O ProArt P16 torna-se no modelo de 16 polegadas mais fino da hist\u00f3ria da gama, com apenas 12,9 mm de espessura e 1,77 kg, suportado por uma bateria generosa de 99Wh. J\u00e1 o ProArt P14 pesa apenas 1,48 kg. A n\u00edvel visual, n\u00e3o desiludem: v\u00eam equipados com ecr\u00e3s ASUS Lumina Pro OLED, que atingem resolu\u00e7\u00f5es at\u00e9 4K a 120Hz (no P16) e picos de brilho de 1600 nits, essenciais para a calibra\u00e7\u00e3o de cor profissional.<\/p>\n<p style=\"text-align: justify;\">Para as esta\u00e7\u00f5es de trabalho fixas, o mini PC ProArt GR1X concentra o ecossistema NVIDIA num formato ultracompacto (150 x 150 x 51 mm) desenhado para opera\u00e7\u00f5es de alta exig\u00eancia 24 horas por dia. O seu avan\u00e7ado sistema de arrefecimento t\u00e9rmico garante sil\u00eancio e efic\u00e1cia, e a conetividade de topo est\u00e1 assegurada por Wi-Fi 7 e portas de rede 10GbE. Esta aposta acompanha a expans\u00e3o do ecossistema de componentes DIY da ProArt, que tamb\u00e9m recebeu o novo monitor PA32QCV, um painel profissional de 31,5 polegadas com resolu\u00e7\u00e3o 6K e portas Thunderbolt 4.<\/p>\n<p><img decoding=\"async\" style=\"display: block; margin-left: auto; margin-right: auto;\" src=\"https:\/\/www.europesays.com\/pt\/wp-content\/uploads\/2026\/09\/w692.png\" alt=\"ProArt GR1X\" width=\"600\"\/><\/p>\n<p style=\"text-align: justify;\">Fora do espetro da cria\u00e7\u00e3o pura, a fabricante atualizou a sua linha de consumo e corporativa. O renovado Zenbook 14 aposta num chassis met\u00e1lico em Ceraluminum e oferece as mais recentes plataformas Snapdragon X, Intel Core Ultra S\u00e9rie 3 ou AMD Ryzen AI S\u00e9rie 300. J\u00e1 o mundo empresarial ganha o ExpertBook Ultra, um equipamento ultraleve de 0,99 kg, blindado em magn\u00e9sio e alum\u00ednio, que estreia um avan\u00e7ado ecr\u00e3 t\u00e1til OLED tandem de 14 polegadas e seguran\u00e7a de n\u00edvel corporativo via Intel vPro.<\/p>\n","protected":false},"excerpt":{"rendered":"A ASUS marcou uma forte presen\u00e7a na IFA 2026, em Berlim, com o an\u00fancio de uma nova gera\u00e7\u00e3o&hellip;\n","protected":false},"author":2,"featured_media":513931,"comment_status":"","ping_status":"","sticky":false,"template":"","format":"standard","meta":{"footnotes":"","_share_on_mastodon":"0"},"categories":[84],"tags":[15519,109,107,108,16977,82393,933,66996,82394,53322,32,82392,33,105,103,104,106,110,48273,82395],"class_list":["post-513930","post","type-post","status-publish","format-standard","has-post-thumbnail","category-ciencia-e-tecnologia","tag-asus","tag-ciencia","tag-ciencia-e-tecnologia","tag-cienciaetecnologia","tag-hardware","tag-ifa-2026","tag-inteligencia-artificial","tag-mini-pc","tag-nvidia-rtx-spark","tag-portateis","tag-portugal","tag-proart","tag-pt","tag-science","tag-science-and-technology","tag-scienceandtechnology","tag-technology","tag-tecnologia","tag-wintech","tag-zenbook"],"share_on_mastodon":{"url":"https:\/\/pubeurope.com\/@pt\/117224995911279532","error":""},"_links":{"self":[{"href":"https:\/\/www.europesays.com\/pt\/wp-json\/wp\/v2\/posts\/513930","targetHints":{"allow":["GET"]}}],"collection":[{"href":"https:\/\/www.europesays.com\/pt\/wp-json\/wp\/v2\/posts"}],"about":[{"href":"https:\/\/www.europesays.com\/pt\/wp-json\/wp\/v2\/types\/post"}],"author":[{"embeddable":true,"href":"https:\/\/www.europesays.com\/pt\/wp-json\/wp\/v2\/users\/2"}],"replies":[{"embeddable":true,"href":"https:\/\/www.europesays.com\/pt\/wp-json\/wp\/v2\/comments?post=513930"}],"version-history":[{"count":0,"href":"https:\/\/www.europesays.com\/pt\/wp-json\/wp\/v2\/posts\/513930\/revisions"}],"wp:featuredmedia":[{"embeddable":true,"href":"https:\/\/www.europesays.com\/pt\/wp-json\/wp\/v2\/media\/513931"}],"wp:attachment":[{"href":"https:\/\/www.europesays.com\/pt\/wp-json\/wp\/v2\/media?parent=513930"}],"wp:term":[{"taxonomy":"category","embeddable":true,"href":"https:\/\/www.europesays.com\/pt\/wp-json\/wp\/v2\/categories?post=513930"},{"taxonomy":"post_tag","embeddable":true,"href":"https:\/\/www.europesays.com\/pt\/wp-json\/wp\/v2\/tags?post=513930"}],"curies":[{"name":"wp","href":"https:\/\/api.w.org\/{rel}","templated":true}]}}