{"id":514094,"date":"2026-09-06T19:06:10","date_gmt":"2026-09-06T19:06:10","guid":{"rendered":"https:\/\/www.europesays.com\/pt\/514094\/"},"modified":"2026-09-06T19:06:10","modified_gmt":"2026-09-06T19:06:10","slug":"robert-pattinson-diz-que-batman-parte-2-e-muito-diferente-do-primeiro-filme-leia","status":"publish","type":"post","link":"https:\/\/www.europesays.com\/pt\/514094\/","title":{"rendered":"Robert Pattinson diz que Batman: Parte 2 \u00e9 muito diferente do primeiro filme; leia"},"content":{"rendered":"<p>  <img decoding=\"async\" src=\"https:\/\/cdn.ome.lt\/static\/omelete\/img\/loading.svg\" alt=\"\"\/><\/p>\n<p>  <img decoding=\"async\" class=\"article__cover__image\" data-lazy-src-mob=\"\/\/cdn.ome.lt\/WAXDvZ5FwtT5GA2TErAgIPEmhuE=\/570x0\/smart\/filters:format(webp)\/uploads\/conteudo\/fotos\/batman_MPqjz9g.webp\" data-lazy-src=\"https:\/\/cdn.ome.lt\/xp2dbaKIg-YQXWOfWXDS00mMXhY=\/987x0\/smart\/filters:format(webp)\/uploads\/conteudo\/fotos\/batman_MPqjz9g.webp\" src=\"data:image\/png;base64,iVBORw0KGgoAAAANSUhEUgAAAAEAAAABCAQAAAC1HAwCAAAAC0lEQVR42mNkYAAAAAYAAjCB0C8AAAAASUVORK5CYII=\" alt=\"Batman: Parte 2 | Longa \u00e9 muito diferente do primeiro filme, diz Robert Pattinson\" title=\"Batman: Parte 2 (Reprodu\u00e7\u00e3o)\" width=\"987\" height=\"555\" fetchpriority=\"high\"\/><\/p>\n<p class=\"article__cover__credits\">\n  Cr\u00e9ditos da imagem:<br \/>\n  Batman: Parte 2 (Reprodu\u00e7\u00e3o)\n<\/p>\n<p>O perfil do <strong>TikTok<\/strong> <a href=\"https:\/\/www.tiktok.com\/@mymovies.it\" rel=\"noopener nofollow\" target=\"_blank\">@mymovies.it<\/a> publicou recentemente um v\u00eddeo de uma declara\u00e7\u00e3o de <strong>Robert Pattinson<\/strong> concedida durante o<strong> Festival de Veneza<\/strong>, na qual o ator comentou sobre<strong> Batman: Parte 2<\/strong>.<\/p>\n<p>&#8220;\u00c9 incr\u00edvel. \u00c9 uma mudan\u00e7a muito radical de roteiro e \u00e9 \u00f3timo que a Warner e a DC estejam apoiando essa mudan\u00e7a. \u00c9 bem doido&#8221;, disse Pattinson. &#8220;Acho que <strong>Matt Reeves<\/strong> \u00e9 a \u00fanica pessoa que permitiriam fazer isso, porque \u00e9 uma vers\u00e3o bem radical do Batman. Eu acho, ACHO, que as pessoas v\u00e3o ficar animadas com ele.&#8221;<\/p>\n<p>            Continua depois da Publicidade<\/p>\n<p>    <strong>Tudo sobre\u00a0The Batman: Parte 2\u00a0com Robert Pattinson<\/strong><\/p>\n<p><strong>Batman: Parte 2 <\/strong>continua a hist\u00f3ria do\u00a0primeiro\u00a0Batman\u00a0com\u00a0<strong>Robert<\/strong> <strong>Pattinson<\/strong>, que estreou nos cinemas em 2022 e arrecadou mais de US$ 770 milh\u00f5es.<\/p>\n<p data-gtm-vis-first-on-screen67967661_30=\"17916\" data-gtm-vis-has-fired67967661_30=\"1\" data-gtm-vis-total-visible-time67967661_30=\"100\">Batizada de\u00a0Saga de Crime do Batman, a narrativa constru\u00edda por\u00a0<strong>Matt Reeves<\/strong> coloca Robert Pattinson no papel de um jovem Bruce Wayne, em seus primeiros anos como o Cavaleiro das Trevas. <strong>Zo\u00eb Kravitz\u00a0<\/strong>\u00e9 a Mulher-Gato,\u00a0<strong>Colin Farrell\u00a0<\/strong>\u00e9 o Pinguim,\u00a0<strong>Paul Dano\u00a0<\/strong>fez o vil\u00e3o Charada e\u00a0<strong>John Turturro\u00a0<\/strong>\u00e9 Carmine Falcone.\u00a0<strong>Jeffrey Wright\u00a0<\/strong>foi o novo Comiss\u00e1rio Gordon e\u00a0<strong>Andy Serkis\u00a0<\/strong>interpretou Alfred.<\/p>\n<p>Para a sequ\u00eancia, Robert Pattinson retorna, junto com Colin Farrell, Jeffrey Wright e Andy Serkis. Entre as novidades no elenco est\u00e3o\u00a0<strong>Scarlett Johansson, Sebastian Stan, Charles Dance, Brian Tyree Henry<\/strong>\u00a0e\u00a0<strong>Sebastian Koch<\/strong>.<\/p>\n<p>\u00a0<\/p>\n<p>            Continua depois da Publicidade<\/p>\n<p>A sequ\u00eancia <strong>Batman: Parte 2<\/strong>, de Matt Reeves,<strong> <\/strong>estreia em\u00a0<strong>18 de fevereiro de 2028.<\/strong><\/p>\n<p>\u00a0<\/p>\n<p><script async src=\"\/\/www.tiktok.com\/embed.js\"><\/script><\/p>\n","protected":false},"excerpt":{"rendered":"Cr\u00e9ditos da imagem: Batman: Parte 2 (Reprodu\u00e7\u00e3o) O perfil do TikTok @mymovies.it publicou recentemente um v\u00eddeo de uma&hellip;\n","protected":false},"author":2,"featured_media":514095,"comment_status":"","ping_status":"","sticky":false,"template":"","format":"standard","meta":{"footnotes":"","_share_on_mastodon":"0"},"categories":[140],"tags":[114,115,147,148,146,32,33],"class_list":["post-514094","post","type-post","status-publish","format-standard","has-post-thumbnail","category-filmes","tag-entertainment","tag-entretenimento","tag-film","tag-filmes","tag-movies","tag-portugal","tag-pt"],"share_on_mastodon":{"url":"https:\/\/pubeurope.com\/@pt\/117225664903191031","error":""},"_links":{"self":[{"href":"https:\/\/www.europesays.com\/pt\/wp-json\/wp\/v2\/posts\/514094","targetHints":{"allow":["GET"]}}],"collection":[{"href":"https:\/\/www.europesays.com\/pt\/wp-json\/wp\/v2\/posts"}],"about":[{"href":"https:\/\/www.europesays.com\/pt\/wp-json\/wp\/v2\/types\/post"}],"author":[{"embeddable":true,"href":"https:\/\/www.europesays.com\/pt\/wp-json\/wp\/v2\/users\/2"}],"replies":[{"embeddable":true,"href":"https:\/\/www.europesays.com\/pt\/wp-json\/wp\/v2\/comments?post=514094"}],"version-history":[{"count":0,"href":"https:\/\/www.europesays.com\/pt\/wp-json\/wp\/v2\/posts\/514094\/revisions"}],"wp:featuredmedia":[{"embeddable":true,"href":"https:\/\/www.europesays.com\/pt\/wp-json\/wp\/v2\/media\/514095"}],"wp:attachment":[{"href":"https:\/\/www.europesays.com\/pt\/wp-json\/wp\/v2\/media?parent=514094"}],"wp:term":[{"taxonomy":"category","embeddable":true,"href":"https:\/\/www.europesays.com\/pt\/wp-json\/wp\/v2\/categories?post=514094"},{"taxonomy":"post_tag","embeddable":true,"href":"https:\/\/www.europesays.com\/pt\/wp-json\/wp\/v2\/tags?post=514094"}],"curies":[{"name":"wp","href":"https:\/\/api.w.org\/{rel}","templated":true}]}}