{"id":514098,"date":"2026-09-06T19:09:20","date_gmt":"2026-09-06T19:09:20","guid":{"rendered":"https:\/\/www.europesays.com\/pt\/514098\/"},"modified":"2026-09-06T19:09:20","modified_gmt":"2026-09-06T19:09:20","slug":"horas-apos-o-final-do-big-brother-verao-sara-alves-e-nuno-pereira-surgem-juntos-veja-a-foto-selfie","status":"publish","type":"post","link":"https:\/\/www.europesays.com\/pt\/514098\/","title":{"rendered":"Horas ap\u00f3s o final do &quot;Big Brother Ver\u00e3o&quot;, Sara Alves e Nuno Pereira surgem&#8230; juntos: veja a foto! &#8211; SELFIE"},"content":{"rendered":"<ol>\n<li><a href=\"https:\/\/news.google.com\/rss\/articles\/CBMi-wFBVV95cUxPT3FMVUQ0SVQxOVd3eXBVQ3RKaGJfeUF0OVZNQlE1WDNUVm9rM1QtVjlRcmNObFV4MzhOQXZZTUNMZnNrb0Vob09PZHc3dmFmaWc4dE5yUHlBdnBxVS14TF9XY05Hd25VME41MEZHQXFQRTJTMy0tS0IzVFRGZ04zVFhORGhnYkJ0WWEzWVppU1AyQ1VIMy1QSVFSNGszamhoZ2RVcDFzLV9OZUoxUkZGb1B6UGhTZEVvUFRoeUF4b0ozMHlYRmpTc3l2NkJjd2N5MWxZTWF3NzZDekVWRUZ4Qm5lM0pfcl9VYlctSzBMSU9vWC02TXZtZUxUYw?oc=5\" target=\"_blank\" rel=\"nofollow noopener\">Horas ap\u00f3s o final do &#8220;Big Brother Ver\u00e3o&#8221;, Sara Alves e Nuno Pereira surgem&#8230; juntos: veja a foto!<\/a>&nbsp;&nbsp;SELFIE<\/li>\n<li><a href=\"https:\/\/news.google.com\/rss\/articles\/CBMivAFBVV95cUxQbElBTWo5V283OXdFWkRSV1NDTTl5bzJ6VlNuVGFiQmtPd0RLajd4aEtiOU40Zl9rS0IyXzJvV0gxc1c3bzAtNVNYaE5TWGowQTZDajZIWnJzRWo0LVZwcG1FdEVETWc3RUpVdUZsWnJiVllEaGUwYnJEWWxJZXhFWWE4WW5LQTdZclpjdXBRMU9nbjN5RFNMQWJ0dU13MjIxOU5mM2RXSFdGU3o5VkwxOEtMQ2tQazkza0N2aQ?oc=5\" target=\"_blank\" rel=\"nofollow noopener\">Sara Alves vence o &#8216;Big Brother Ver\u00e3o&#8217; ap\u00f3s revelar percurso de vida marcado por dor<\/a>&nbsp;&nbsp;Correio da Manh\u00e3<\/li>\n<li><a href=\"https:\/\/news.google.com\/rss\/articles\/CBMi0AFBVV95cUxNSS1tam56dE5UVy1hVDNzYlFYcWtnc0tHOEhhb05GNDdfdVlRZDdwdDZiTjY0UkF2aTJCSXZNZERnRnlqcXlra0pjdG1NOXVYWU5oNTE2WlpTV2JpQklqeThFQUdKZlJpNzFTNmV5ZmExa0ZqWTZDcjJBYXo0Y2FybmdHbTltVlByYXlRZ2wtSUhKSXpTZ1pNRllfLTdjcVU4dmRWYUNiQzh3dGRqTjhEd0psakJqVC1YZ1BpZ0hpN3o5WWd2N2JoUGZfZW1yRDBZ?oc=5\" target=\"_blank\" rel=\"nofollow noopener\">Big Brother Ver\u00e3o Medalha de bronze! Eis o concorrente que ficou em terceiro (e ningu\u00e9m esperava)<\/a>&nbsp;&nbsp;Portal Impala<\/li>\n<li><a href=\"https:\/\/news.google.com\/rss\/articles\/CBMiwwFBVV95cUxOVUlrLVA0aUhNcUdaTHk1SktCMEpULWJFb3VPc0NoaWN6RHJ6QVNodHZ3czVTZzlQeWgwM2NobDZ6a082MkJFMUsxd2VyaDlGZjZ6Rm11Sk5DcXNZSWVxTzVCdjFtQ0ZEZDR5Q21UdFFMQkNtMDJUZ3Q0MGF6QUFqSmwzR3B3aXl2eldBSFRKWE5HSWgzbTkxQkprUDNNSVNUdmNIV0JPQ2ZTWmc1SlpWYW9obUQwYTE1NXctdHRqQUpZYmc?oc=5\" target=\"_blank\" rel=\"nofollow noopener\">Boris regressa \u00e0s redes sociais: &#8220;Terminar no TOP 2 \u00e9 algo que me deixa profundamente orgulhoso&#8221;<\/a>&nbsp;&nbsp;A Televis\u00e3o<\/li>\n<li><a href=\"https:\/\/news.google.com\/rss\/articles\/CBMitAFBVV95cUxOcHN0WWhzX0N3MWEwZVBvc0VvQk16R1RocTVTWDZUQnU5UHgtVzIzZmRxXzJzWjlGX0NBUlVXZXgxVnhwQm8xczBtbGc0MC1uNS02Zm1sTmo3dTJQOG5sV2ZjVDZNdjlYZEhQWEtJQ2xMdk1reVNlejQtM3ZhQWZqTnpscTlSMUQwWmxwdmxVYnZRbmFOLUdKbnI2ckR6cnB4cC1hdTAtaGZ2eF90enFwSmE3bHQ?oc=5\" target=\"_blank\" rel=\"nofollow noopener\">Big Brother Ver\u00e3o &#8211; Quem n\u00e3o chegou ao p\u00f3dio? Este foi o concorrente que ficou em quarto lugar<\/a>&nbsp;&nbsp;Nova Gente<\/li>\n<\/ol>\n","protected":false},"excerpt":{"rendered":"Horas ap\u00f3s o final do &#8220;Big Brother Ver\u00e3o&#8221;, Sara Alves e Nuno Pereira surgem&#8230; juntos: veja a foto!&nbsp;&nbsp;SELFIE&hellip;\n","protected":false},"author":2,"featured_media":514099,"comment_status":"","ping_status":"","sticky":false,"template":"","format":"standard","meta":{"footnotes":"","_share_on_mastodon":"0"},"categories":[85],"tags":[114,115,32,33],"class_list":["post-514098","post","type-post","status-publish","format-standard","has-post-thumbnail","category-entretenimento","tag-entertainment","tag-entretenimento","tag-portugal","tag-pt"],"share_on_mastodon":{"url":"https:\/\/pubeurope.com\/@pt\/117225676221365726","error":""},"_links":{"self":[{"href":"https:\/\/www.europesays.com\/pt\/wp-json\/wp\/v2\/posts\/514098","targetHints":{"allow":["GET"]}}],"collection":[{"href":"https:\/\/www.europesays.com\/pt\/wp-json\/wp\/v2\/posts"}],"about":[{"href":"https:\/\/www.europesays.com\/pt\/wp-json\/wp\/v2\/types\/post"}],"author":[{"embeddable":true,"href":"https:\/\/www.europesays.com\/pt\/wp-json\/wp\/v2\/users\/2"}],"replies":[{"embeddable":true,"href":"https:\/\/www.europesays.com\/pt\/wp-json\/wp\/v2\/comments?post=514098"}],"version-history":[{"count":0,"href":"https:\/\/www.europesays.com\/pt\/wp-json\/wp\/v2\/posts\/514098\/revisions"}],"wp:featuredmedia":[{"embeddable":true,"href":"https:\/\/www.europesays.com\/pt\/wp-json\/wp\/v2\/media\/514099"}],"wp:attachment":[{"href":"https:\/\/www.europesays.com\/pt\/wp-json\/wp\/v2\/media?parent=514098"}],"wp:term":[{"taxonomy":"category","embeddable":true,"href":"https:\/\/www.europesays.com\/pt\/wp-json\/wp\/v2\/categories?post=514098"},{"taxonomy":"post_tag","embeddable":true,"href":"https:\/\/www.europesays.com\/pt\/wp-json\/wp\/v2\/tags?post=514098"}],"curies":[{"name":"wp","href":"https:\/\/api.w.org\/{rel}","templated":true}]}}