{"id":514104,"date":"2026-09-06T19:15:15","date_gmt":"2026-09-06T19:15:15","guid":{"rendered":"https:\/\/www.europesays.com\/pt\/514104\/"},"modified":"2026-09-06T19:15:15","modified_gmt":"2026-09-06T19:15:15","slug":"david-brazil-comemora-chegada-de-anitta-a-grande-rio-tudo-nosso","status":"publish","type":"post","link":"https:\/\/www.europesays.com\/pt\/514104\/","title":{"rendered":"David Brazil comemora chegada de Anitta \u00e0 Grande Rio: &#8216;Tudo nosso&#8217;"},"content":{"rendered":"<p><strong>David Brazil<\/strong> comemorou a chegada de <strong>Anitta<\/strong> como Rainha de Bateria da Grande Rio. Ele apareceu em um v\u00eddeo ao lado da amiga para celebrar o novo momento.<\/p>\n<p>\u201cAgora \u00e9 oficial! Em 2014, ela foi na minha coroa\u00e7\u00e3o quando fui rei da bateria com a Susana Vieira, e 12 anos depois\u2026 Como esperei por esse momento. \u00c9 a nossa rainha de bateria. Tudo nosso\u201d, vibrou David.<\/p>\n<p>No v\u00eddeo, Anitta se mostrou empolgada com a miss\u00e3o. \u201c<strong>Vamos l\u00e1, dar o nosso melhor. Se a galera gostar do nosso melhor, a gente vai ficando. Se n\u00e3o gostar, est\u00e1 tudo bem, a gente vai saindo (risos). Amei! Estou muito feliz. Vamos arrasar<\/strong>\u201c, afirmou.<\/p>\n<p>\u00a0<\/p>\n<blockquote class=\"instagram-media\" style=\"background: #FFF; border: 0; border-radius: 3px; box-shadow: 0 0 1px 0 rgba(0,0,0,0.5),0 1px 10px 0 rgba(0,0,0,0.15); margin: 1px; max-width: 540px; min-width: 326px; padding: 0; width: calc(100% - 2px);\" data-instgrm-captioned=\"\" data-instgrm-permalink=\"https:\/\/www.instagram.com\/reel\/Dc8fLJfxMIb\/?utm_source=ig_embed&amp;utm_campaign=loading\" data-instgrm-version=\"14\">\n<\/blockquote>\n<p>\t\t\t\t<script async src=\"\/\/www.instagram.com\/embed.js\"><\/script><\/p>\n","protected":false},"excerpt":{"rendered":"David Brazil comemorou a chegada de Anitta como Rainha de Bateria da Grande Rio. Ele apareceu em um&hellip;\n","protected":false},"author":2,"featured_media":514105,"comment_status":"","ping_status":"","sticky":false,"template":"","format":"standard","meta":{"footnotes":"","_share_on_mastodon":"0"},"categories":[145],"tags":[211,210,114,115,32,33],"class_list":["post-514104","post","type-post","status-publish","format-standard","has-post-thumbnail","category-celebridades","tag-celebridades","tag-celebrities","tag-entertainment","tag-entretenimento","tag-portugal","tag-pt"],"share_on_mastodon":{"url":"https:\/\/pubeurope.com\/@pt\/117225699860437376","error":""},"_links":{"self":[{"href":"https:\/\/www.europesays.com\/pt\/wp-json\/wp\/v2\/posts\/514104","targetHints":{"allow":["GET"]}}],"collection":[{"href":"https:\/\/www.europesays.com\/pt\/wp-json\/wp\/v2\/posts"}],"about":[{"href":"https:\/\/www.europesays.com\/pt\/wp-json\/wp\/v2\/types\/post"}],"author":[{"embeddable":true,"href":"https:\/\/www.europesays.com\/pt\/wp-json\/wp\/v2\/users\/2"}],"replies":[{"embeddable":true,"href":"https:\/\/www.europesays.com\/pt\/wp-json\/wp\/v2\/comments?post=514104"}],"version-history":[{"count":0,"href":"https:\/\/www.europesays.com\/pt\/wp-json\/wp\/v2\/posts\/514104\/revisions"}],"wp:featuredmedia":[{"embeddable":true,"href":"https:\/\/www.europesays.com\/pt\/wp-json\/wp\/v2\/media\/514105"}],"wp:attachment":[{"href":"https:\/\/www.europesays.com\/pt\/wp-json\/wp\/v2\/media?parent=514104"}],"wp:term":[{"taxonomy":"category","embeddable":true,"href":"https:\/\/www.europesays.com\/pt\/wp-json\/wp\/v2\/categories?post=514104"},{"taxonomy":"post_tag","embeddable":true,"href":"https:\/\/www.europesays.com\/pt\/wp-json\/wp\/v2\/tags?post=514104"}],"curies":[{"name":"wp","href":"https:\/\/api.w.org\/{rel}","templated":true}]}}