{"id":514106,"date":"2026-09-06T19:20:12","date_gmt":"2026-09-06T19:20:12","guid":{"rendered":"https:\/\/www.europesays.com\/pt\/514106\/"},"modified":"2026-09-06T19:20:12","modified_gmt":"2026-09-06T19:20:12","slug":"vingadores-guerras-secretas-tera-importante-mudanca-na-linha-do-tempo-da-marvel-entenda","status":"publish","type":"post","link":"https:\/\/www.europesays.com\/pt\/514106\/","title":{"rendered":"Vingadores: Guerras Secretas ter\u00e1 importante mudan\u00e7a na linha do tempo da Marvel; entenda"},"content":{"rendered":"<p>  <img decoding=\"async\" src=\"https:\/\/cdn.ome.lt\/static\/omelete\/img\/loading.svg\" alt=\"\"\/><\/p>\n<p>  <img decoding=\"async\" class=\"article__cover__image\" data-lazy-src-mob=\"\/\/cdn.ome.lt\/VhLtO1_NgvwM3mXakZ_Jya0CLZA=\/570x0\/smart\/filters:format(webp)\/uploads\/conteudo\/fotos\/1788718750549138.webp\" data-lazy-src=\"https:\/\/cdn.ome.lt\/PCyWeTgiXD5i45D66mgcNnJsKQg=\/987x0\/smart\/filters:format(webp)\/uploads\/conteudo\/fotos\/1788718750549138.webp\" src=\"data:image\/png;base64,iVBORw0KGgoAAAANSUhEUgAAAAEAAAABCAQAAAC1HAwCAAAAC0lEQVR42mNkYAAAAAYAAjCB0C8AAAAASUVORK5CYII=\" alt=\"Vingadores: Guerras Secretas | Longa ter\u00e1 importante mudan\u00e7a na linha do tempo do MCU\" title=\"Vingadores: Doutor Destino \/ Hamnet (Reprodu\u00e7\u00e3o)\" width=\"987\" height=\"555\" fetchpriority=\"high\"\/><\/p>\n<p class=\"article__cover__credits\">\n  Cr\u00e9ditos da imagem:<br \/>\n  Vingadores: Doutor Destino \/ Hamnet (Reprodu\u00e7\u00e3o)\n<\/p>\n<p>A escala\u00e7\u00e3o de<strong> Noah Jupe<\/strong> (Um Lugar Silencioso; Hamnet) para o elenco de <strong>Vingadores: Guerras Secretas <\/strong>gerou diversas especula\u00e7\u00f5es entre os f\u00e3s sobre quem ser\u00e1 o personagem que o jovem ator viver\u00e1 no <strong>MCU<\/strong>.<\/p>\n<p>Na mais recente transmiss\u00e3o do podcast <a href=\"https:\/\/www.youtube.com\/watch?v=smj_EN8rB2E\" rel=\"noopener nofollow\" target=\"_blank\">The Hot Mic<\/a>, o insider<strong> John Rocha<\/strong> parece ter confirmado que Jupe viver\u00e1 Franklin Richards, filho de Reed (<strong>Pedro Pascal<\/strong>) e Sue Richards (<strong>Vanessa Kirby<\/strong>), ap\u00f3s um salto temporal na cronologia.\u00a0<\/p>\n<p>            Continua depois da Publicidade<\/p>\n<p>&#8220;Uma fonte que tem acertado muita coisa sobre Vingadores: Doutor Destino me disse que Noah Jupe \u00e9 Franklin Richards, e que vai ter um salto temporal bem grande no in\u00edcio de Guerras Secretas no Mundo B\u00e9lico (Battleworld)&#8221;, revelou o insider.<\/p>\n<p>O arco de Guerras Secretas nos quadrinhos publicado em 2015 e escrito por<strong> Jonathan Hickman<\/strong> e <strong>Esad Ribic<\/strong> tamb\u00e9m se inicia com uma passagem de tempo de anos ap\u00f3s Doutor Destino ter reescrito a realidade \u00e0 sua imagem.\u00a0<\/p>\n<p>Na hist\u00f3ria, os \u00fanicos her\u00f3is que conseguiram escapar da Terra-616 e da Terra-1610 surgem em um bote salva-vidas, sem ter sentido os efeitos da passagem dos anos. Ao que parece, \u00e9 isso que ir\u00e1 acontece ao longo dos pr\u00f3ximos dois filmes do MCU.<\/p>\n<p>A escala\u00e7\u00e3o de um jovem adulto para interpretar Franklin Richards, que s\u00f3 foi apresentado como um beb\u00ea at\u00e9 agora, faria sentido nesse cen\u00e1rio. Especialmente considerando que ele deve restaurar o multiverso ap\u00f3s a queda de Doutor Destino.\u00a0<\/p>\n<p>    <strong>Tudo sobre\u00a0Vingadores: Doutor Destino<\/strong><\/p>\n<p>O vil\u00e3o da hist\u00f3ria do quinto filme dos\u00a0Vingadores\u00a0ser\u00e1 o Doutor Destino de\u00a0<strong>Robert Downey Jr<\/strong>., ator que viveu o lend\u00e1rio Homem de Ferro na Saga do Infinito do MCU, e agora assume o papel de antagonista.\u00a0Vingadores: Doutor Destino\u00a0(Avengers: Doomsday\u00a0no original)\u00a0contar\u00e1 com dire\u00e7\u00e3o dos irm\u00e3os\u00a0<strong>Anthony<\/strong>\u00a0e<strong>\u00a0Joe Russo<\/strong>\u00a0(Ultimato), e roteiro de\u00a0<strong>Michael Waldron\u00a0<\/strong>(Loki) e<strong>\u00a0Stephen McFreely<\/strong>\u00a0(Ultimato).<\/p>\n<p>            Continua depois da Publicidade<\/p>\n<p>A Marvel j\u00e1 confirmou os principais nomes do elenco do novo filme, em uma das maiores reuni\u00f5es de astros do MCU j\u00e1 realizada. Dos filmes anteriores de\u00a0Vingadores,\u00a0retornam:<strong>\u00a0Chris Evans<\/strong>\u00a0como Steve Rogers,\u00a0<strong>Chris Hemsworth<\/strong>\u00a0como Thor,<strong>\u00a0Anthony Mackie<\/strong>\u00a0como Capit\u00e3o Am\u00e9rica,\u00a0<strong>Sebastian Stan\u00a0<\/strong>como Soldado Invernal,<strong>\u00a0Paul Rudd\u00a0<\/strong>como Homem-Formiga,\u00a0<strong>Winston Duke<\/strong>\u00a0como M&#8217;Baku e\u00a0<strong>Letitia Wright<\/strong> como Shuri\/Pantera Negra.<\/p>\n<p data-gtm-vis-first-on-screen67967661_30=\"18053\" data-gtm-vis-has-fired67967661_30=\"1\" data-gtm-vis-total-visible-time67967661_30=\"100\">De personagens apresentados p\u00f3s-Vingadores: Ultimato\u00a0&#8211; nas fases 4 e 5 do MCU &#8211;\u00a0temos<strong>\u00a0Simu Liu\u00a0<\/strong>como Shang-Chi,\u00a0<strong>Danny Ramirez\u00a0<\/strong>como Falc\u00e3o, todo o novo\u00a0Quarteto Fant\u00e1stico\u00a0(<strong>Pedro Pascal\u00a0<\/strong>como Sr. Fant\u00e1stico,\u00a0<strong>Vanessa Kirby\u00a0<\/strong>como Mulher Invis\u00edvel,<strong>\u00a0Joseph Quinn\u00a0<\/strong>como Tocha Humana e<strong>\u00a0Ebon Moss-Bachrach<\/strong>\u00a0como o Coisa), quase todo o elenco de\u00a0Thunderbolts*\u00a0(<strong>Florence Pugh<\/strong>\u00a0como Yelena,\u00a0<strong>Wyatt Russell<\/strong>\u00a0como Agente Americano,\u00a0<strong>David Harbour<\/strong>\u00a0como Guardi\u00e3o Vermelho,\u00a0<strong>Hanah John-Kamen<\/strong>\u00a0como Fantasma e\u00a0<strong>Lewis Pullman\u00a0<\/strong>como Bob, o Sentinela), e\u00a0<strong>Tenoch Huerta<\/strong> como Namor.<\/p>\n<p data-gtm-vis-first-on-screen67967661_30=\"18053\" data-gtm-vis-has-fired67967661_30=\"1\" data-gtm-vis-total-visible-time67967661_30=\"100\">O filme tamb\u00e9m conta com o retorno dos X-Men cl\u00e1ssicos dos filmes da antiga Fox, incluindo<strong>\u00a0Patrick Stewart\u00a0<\/strong>como Professor X,<strong>\u00a0Ian McKellen\u00a0<\/strong>como Magneto,\u00a0<strong>James Marsden<\/strong>\u00a0como Ciclope,\u00a0<strong>Alan Cumming\u00a0<\/strong>como Noturno,\u00a0<strong>Kelsey Grammer\u00a0<\/strong>como Fera,\u00a0<strong>Rebecca Romijn<\/strong>\u00a0como M\u00edstica e, apresentado em\u00a0Deadpool &amp; Wolverine,\u00a0<strong>Channing Tatum\u00a0<\/strong>como Gambit.<\/p>\n<p>            Continua depois da Publicidade<\/p>\n<p data-gtm-vis-first-on-screen67967661_30=\"18053\" data-gtm-vis-has-fired67967661_30=\"1\" data-gtm-vis-total-visible-time67967661_30=\"100\">Vingadores: Doutor Destino\u00a0estreia em\u00a0<strong>17 de dezembro de 2026<\/strong>.<\/p>\n<p>\u00a0<\/p>\n<p>            Continua depois da Publicidade<\/p>\n","protected":false},"excerpt":{"rendered":"Cr\u00e9ditos da imagem: Vingadores: Doutor Destino \/ Hamnet (Reprodu\u00e7\u00e3o) A escala\u00e7\u00e3o de Noah Jupe (Um Lugar Silencioso; Hamnet)&hellip;\n","protected":false},"author":2,"featured_media":514107,"comment_status":"","ping_status":"","sticky":false,"template":"","format":"standard","meta":{"footnotes":"","_share_on_mastodon":"0"},"categories":[140],"tags":[114,115,147,148,146,32,33],"class_list":["post-514106","post","type-post","status-publish","format-standard","has-post-thumbnail","category-filmes","tag-entertainment","tag-entretenimento","tag-film","tag-filmes","tag-movies","tag-portugal","tag-pt"],"share_on_mastodon":{"url":"https:\/\/pubeurope.com\/@pt\/117225719988350142","error":""},"_links":{"self":[{"href":"https:\/\/www.europesays.com\/pt\/wp-json\/wp\/v2\/posts\/514106","targetHints":{"allow":["GET"]}}],"collection":[{"href":"https:\/\/www.europesays.com\/pt\/wp-json\/wp\/v2\/posts"}],"about":[{"href":"https:\/\/www.europesays.com\/pt\/wp-json\/wp\/v2\/types\/post"}],"author":[{"embeddable":true,"href":"https:\/\/www.europesays.com\/pt\/wp-json\/wp\/v2\/users\/2"}],"replies":[{"embeddable":true,"href":"https:\/\/www.europesays.com\/pt\/wp-json\/wp\/v2\/comments?post=514106"}],"version-history":[{"count":0,"href":"https:\/\/www.europesays.com\/pt\/wp-json\/wp\/v2\/posts\/514106\/revisions"}],"wp:featuredmedia":[{"embeddable":true,"href":"https:\/\/www.europesays.com\/pt\/wp-json\/wp\/v2\/media\/514107"}],"wp:attachment":[{"href":"https:\/\/www.europesays.com\/pt\/wp-json\/wp\/v2\/media?parent=514106"}],"wp:term":[{"taxonomy":"category","embeddable":true,"href":"https:\/\/www.europesays.com\/pt\/wp-json\/wp\/v2\/categories?post=514106"},{"taxonomy":"post_tag","embeddable":true,"href":"https:\/\/www.europesays.com\/pt\/wp-json\/wp\/v2\/tags?post=514106"}],"curies":[{"name":"wp","href":"https:\/\/api.w.org\/{rel}","templated":true}]}}