{"id":514114,"date":"2026-09-06T19:32:24","date_gmt":"2026-09-06T19:32:24","guid":{"rendered":"https:\/\/www.europesays.com\/pt\/514114\/"},"modified":"2026-09-06T19:32:24","modified_gmt":"2026-09-06T19:32:24","slug":"thais-carla-arrasa-de-maio-em-viagem-a-morro-de-sao-paulo","status":"publish","type":"post","link":"https:\/\/www.europesays.com\/pt\/514114\/","title":{"rendered":"Thais Carla arrasa de mai\u00f4 em viagem a Morro de S\u00e3o Paulo"},"content":{"rendered":"<p class=\"wp-block-paragraph\">Thais Carla aproveitou o s\u00e1bado, dia 5 de setembro, para compartilhar registros de sua viagem. A dan\u00e7arina e influenciadora est\u00e1 curtindo dias de descanso em Morro de S\u00e3o Paulo, na Bahia.<\/p>\n<p class=\"has-luminous-vivid-orange-color has-text-color has-link-color wp-elements-1 wp-block-paragraph\"><strong><a href=\"https:\/\/chat.whatsapp.com\/FnDWEihz4meDvhNL3hsfMi\" target=\"_blank\" rel=\"noreferrer noopener nofollow\">Receba as Not\u00edcias de OFuxico em seu celular<\/a><\/strong><\/p>\n<p class=\"wp-block-paragraph\">Em um \u00e1lbum publicado nas redes sociais, Thais apareceu de mai\u00f4 preto e caprichou no car\u00e3o. Al\u00e9m disso, ela aproveitou o cen\u00e1rio ensolarado para renovar os cliques.<\/p>\n<p class=\"wp-block-paragraph\">\u201cCome\u00e7ando os registros por aqui\u201d, escreveu na legenda.<\/p>\n<p class=\"has-luminous-vivid-orange-color has-text-color has-link-color wp-elements-2 wp-block-paragraph\"><strong><a href=\"https:\/\/ofuxico.com.br\/reality-show\/a-fazenda\/de-supla-a-thais-carla-vaza-suposto-elenco-de-a-fazenda-18-confira\/\" rel=\"nofollow noopener\" target=\"_blank\">De Supla a Tha\u00eds Carla: vaza suposto elenco de \u2018A Fazenda 18\u2019. Confira!<\/a><\/strong><\/p>\n<blockquote class=\"instagram-media\" data-instgrm-permalink=\"https:\/\/www.instagram.com\/p\/Dc6-_m6ia_f\/?utm_source=ig_embed&amp;utm_campaign=loading\" data-instgrm-version=\"14\" style=\" background:#FFF; border:0; border-radius:3px; box-shadow:0 0 1px 0 rgba(0,0,0,0.5),0 1px 10px 0 rgba(0,0,0,0.15); margin: 1px; max-width:540px; min-width:326px; padding:0; width:99.375%; width:-webkit-calc(100% - 2px); width:calc(100% - 2px);\">\n<\/blockquote>\n<p>Elogios<\/p>\n<p class=\"wp-block-paragraph\">Em seguida, Thais recebeu uma s\u00e9rie de elogios dos seguidores. Amigos e f\u00e3s destacaram a beleza da influenciadora nos coment\u00e1rios.<\/p>\n<p class=\"wp-block-paragraph\">\u201cMaravilhosa essa diva\u201d, escreveu um seguidor. \u201cCada dia mais linda!!\u201d, afirmou outro. J\u00e1 uma terceira pessoa declarou: \u201cPerfeita \u00e9 ela\u201d.<\/p>\n<p class=\"wp-block-paragraph\">Thais passou por uma cirurgia bari\u00e1trica e revelou anteriormente ter perdido mais de 113 quilos ap\u00f3s o procedimento.<\/p>\n<p class=\"has-luminous-vivid-orange-color has-text-color has-link-color wp-elements-3 wp-block-paragraph\"><strong><a href=\"https:\/\/ofuxico.com.br\/separacao\/thais-carla-expoe-crise-que-abalou-casamento-e-revela-impasse-com-o-ex\/\" rel=\"nofollow noopener\" target=\"_blank\">Tha\u00eds Carla exp\u00f5e crise que abalou casamento e revela impasse com o ex<\/a><\/strong><br \/><strong><a href=\"https:\/\/ofuxico.com.br\/saude-e-beleza\/thais-carla-atualiza-seu-peso-descubra-o-quanto-ela-emagreceu\/\" rel=\"nofollow noopener\" target=\"_blank\">Thais Carla atualiza seu peso. Descubra o quanto ela emagreceu!<\/a><\/strong><br \/><strong><a href=\"https:\/\/ofuxico.com.br\/saude-e-beleza\/thais-carla-mostra-corpo-atual-apos-perder-mais-de-100kg\/\" rel=\"nofollow noopener\" target=\"_blank\">Thais Carla mostra corpo atual ap\u00f3s perder mais de 100kg<\/a><\/strong><\/p>\n<p>Influenciadora tamb\u00e9m surge de biqu\u00edni<\/p>\n<p class=\"wp-block-paragraph\">Depois do \u00e1lbum, Thais voltou \u00e0s redes sociais para compartilhar outro momento da viagem. Dessa vez, ela apareceu em um v\u00eddeo usando biqu\u00edni.<\/p>\n<p class=\"wp-block-paragraph\">O registro mostrou a influenciadora aproveitando o dia de sol em Morro de S\u00e3o Paulo. Assim, Thais continuou dividindo com os seguidores detalhes de seus dias de descanso na Bahia.<\/p>\n<p class=\"wp-block-paragraph\">Por fim, entre fotos e v\u00eddeos, ela vem aproveitando a viagem para curtir o cen\u00e1rio paradis\u00edaco e renovar o \u00e1lbum de registros nas redes sociais.<\/p>\n<blockquote class=\"instagram-media\" data-instgrm-permalink=\"https:\/\/www.instagram.com\/reel\/Dc9IzcKJgU8\/?utm_source=ig_embed&amp;utm_campaign=loading\" data-instgrm-version=\"14\" style=\" background:#FFF; border:0; border-radius:3px; box-shadow:0 0 1px 0 rgba(0,0,0,0.5),0 1px 10px 0 rgba(0,0,0,0.15); margin: 1px; max-width:540px; min-width:326px; padding:0; width:99.375%; width:-webkit-calc(100% - 2px); width:calc(100% - 2px);\">\n<\/blockquote>\n<p>                <script async src=\"\/\/www.instagram.com\/embed.js\"><\/script><\/p>\n","protected":false},"excerpt":{"rendered":"Thais Carla aproveitou o s\u00e1bado, dia 5 de setembro, para compartilhar registros de sua viagem. A dan\u00e7arina e&hellip;\n","protected":false},"author":2,"featured_media":514115,"comment_status":"","ping_status":"","sticky":false,"template":"","format":"standard","meta":{"footnotes":"","_share_on_mastodon":"0"},"categories":[145],"tags":[1752,211,210,114,115,13,32,33,1080],"class_list":["post-514114","post","type-post","status-publish","format-standard","has-post-thumbnail","category-celebridades","tag-biquini","tag-celebridades","tag-celebrities","tag-entertainment","tag-entretenimento","tag-noticias","tag-portugal","tag-pt","tag-viagens"],"share_on_mastodon":{"url":"https:\/\/pubeurope.com\/@pt\/117225766597940216","error":""},"_links":{"self":[{"href":"https:\/\/www.europesays.com\/pt\/wp-json\/wp\/v2\/posts\/514114","targetHints":{"allow":["GET"]}}],"collection":[{"href":"https:\/\/www.europesays.com\/pt\/wp-json\/wp\/v2\/posts"}],"about":[{"href":"https:\/\/www.europesays.com\/pt\/wp-json\/wp\/v2\/types\/post"}],"author":[{"embeddable":true,"href":"https:\/\/www.europesays.com\/pt\/wp-json\/wp\/v2\/users\/2"}],"replies":[{"embeddable":true,"href":"https:\/\/www.europesays.com\/pt\/wp-json\/wp\/v2\/comments?post=514114"}],"version-history":[{"count":0,"href":"https:\/\/www.europesays.com\/pt\/wp-json\/wp\/v2\/posts\/514114\/revisions"}],"wp:featuredmedia":[{"embeddable":true,"href":"https:\/\/www.europesays.com\/pt\/wp-json\/wp\/v2\/media\/514115"}],"wp:attachment":[{"href":"https:\/\/www.europesays.com\/pt\/wp-json\/wp\/v2\/media?parent=514114"}],"wp:term":[{"taxonomy":"category","embeddable":true,"href":"https:\/\/www.europesays.com\/pt\/wp-json\/wp\/v2\/categories?post=514114"},{"taxonomy":"post_tag","embeddable":true,"href":"https:\/\/www.europesays.com\/pt\/wp-json\/wp\/v2\/tags?post=514114"}],"curies":[{"name":"wp","href":"https:\/\/api.w.org\/{rel}","templated":true}]}}