{"id":514134,"date":"2026-09-06T20:00:20","date_gmt":"2026-09-06T20:00:20","guid":{"rendered":"https:\/\/www.europesays.com\/pt\/514134\/"},"modified":"2026-09-06T20:00:20","modified_gmt":"2026-09-06T20:00:20","slug":"fernanda-paes-leme-curte-salvador-com-a-filha-e-declara-agora-ela-tambem-ama","status":"publish","type":"post","link":"https:\/\/www.europesays.com\/pt\/514134\/","title":{"rendered":"Fernanda Paes Leme curte Salvador com a filha e declara: &#8220;Agora ela tamb\u00e9m ama&#8221;"},"content":{"rendered":"<p><strong>Fernanda Paes Leme tem aproveitado uma temporada em Salvador ao lado da filha, Pilar<\/strong>, e compartilhou registros do passeio pelas redes sociais. Na publica\u00e7\u00e3o, a atriz e apresentadora reuniu momentos de lazer na capital baiana e <strong>celebrou o carinho da pequena pela cidade<\/strong>.\u00a0\u201cE agora ela tamb\u00e9m ama Salvador\u201d, escreveu na legenda.<\/p>\n<p>No carrossel de fotos, m\u00e3e e filha aparecem em um passeio de lancha pela Ba\u00eda de Todos-os-Santos, al\u00e9m de registros pelo Santo Ant\u00f4nio Al\u00e9m do Carmo, no Centro Hist\u00f3rico, bairro que se tornou um dos lugares especiais para a artista.<\/p>\n<p><img fetchpriority=\"high\" decoding=\"async\" aria-describedby=\"caption-attachment-356069\" class=\"size-medium wp-image-356069\" src=\"https:\/\/www.europesays.com\/pt\/wp-content\/uploads\/2026\/09\/Fepa-e-amigos-424x720.jpeg\" alt=\"\" width=\"424\" height=\"720\"  \/><\/p>\n<p id=\"caption-attachment-356069\" class=\"wp-caption-text\">Fernanda Paes Leme compartilhou registros do primeiro \u201crol\u00ea\u201d de lancha da filha | Foto: Redes Sociais<\/p>\n<p><a href=\"https:\/\/aloalobahia.com\/noticias\/2024\/08\/29\/fernanda-paes-leme-mostra-detalhes-de-casa-nova-em-salvador-lugar-que-eu-amo-veja-fotos\/\" rel=\"nofollow noopener\" target=\"_blank\">Fernanda mant\u00e9m uma casa na regi\u00e3o, a chamada Casa Figa<\/a>, um casar\u00e3o hist\u00f3rico reformado com projeto do arquiteto Adriano Mascarenhas e vista para a Ba\u00eda de Todos-os-Santos. A resid\u00eancia foi adquirida pela artista em 2019 e passou por um longo processo de reforma antes de ficar pronta.<\/p>\n<p>A propriedade, que Fernanda considera um ref\u00fagio na capital baiana, tamb\u00e9m <a href=\"https:\/\/aloalobahia.com\/noticias\/2025\/10\/27\/fernanda-paes-leme-mostra-casa-historica-em-salvador-disponivel-para-aluguel-no-airbnb\/\" rel=\"nofollow noopener\" target=\"_blank\">fica dispon\u00edvel para aluguel por temporada ao longo do ano<\/a>. O im\u00f3vel tem quatro su\u00edtes, piscina de borda infinita e capacidade para receber at\u00e9 oito h\u00f3spedes.<\/p>\n<blockquote class=\"instagram-media\" style=\"background: #FFF; border: 0; border-radius: 3px; box-shadow: 0 0 1px 0 rgba(0,0,0,0.5),0 1px 10px 0 rgba(0,0,0,0.15); margin: 1px; max-width: 540px; min-width: 326px; padding: 0; width: calc(100% - 2px);\" data-instgrm-captioned=\"\" data-instgrm-permalink=\"https:\/\/www.instagram.com\/p\/Dc9LvP8lsNf\/?utm_source=ig_embed&amp;utm_campaign=loading\" data-instgrm-version=\"14\">\n<\/blockquote>\n<p>\t\t\t\t<script async src=\"\/\/www.instagram.com\/embed.js\"><\/script><\/p>\n","protected":false},"excerpt":{"rendered":"Fernanda Paes Leme tem aproveitado uma temporada em Salvador ao lado da filha, Pilar, e compartilhou registros do&hellip;\n","protected":false},"author":2,"featured_media":514135,"comment_status":"","ping_status":"","sticky":false,"template":"","format":"standard","meta":{"footnotes":"","_share_on_mastodon":"0"},"categories":[145],"tags":[211,210,114,115,32,33],"class_list":["post-514134","post","type-post","status-publish","format-standard","has-post-thumbnail","category-celebridades","tag-celebridades","tag-celebrities","tag-entertainment","tag-entretenimento","tag-portugal","tag-pt"],"share_on_mastodon":{"url":"https:\/\/pubeurope.com\/@pt\/117225877529888836","error":""},"_links":{"self":[{"href":"https:\/\/www.europesays.com\/pt\/wp-json\/wp\/v2\/posts\/514134","targetHints":{"allow":["GET"]}}],"collection":[{"href":"https:\/\/www.europesays.com\/pt\/wp-json\/wp\/v2\/posts"}],"about":[{"href":"https:\/\/www.europesays.com\/pt\/wp-json\/wp\/v2\/types\/post"}],"author":[{"embeddable":true,"href":"https:\/\/www.europesays.com\/pt\/wp-json\/wp\/v2\/users\/2"}],"replies":[{"embeddable":true,"href":"https:\/\/www.europesays.com\/pt\/wp-json\/wp\/v2\/comments?post=514134"}],"version-history":[{"count":0,"href":"https:\/\/www.europesays.com\/pt\/wp-json\/wp\/v2\/posts\/514134\/revisions"}],"wp:featuredmedia":[{"embeddable":true,"href":"https:\/\/www.europesays.com\/pt\/wp-json\/wp\/v2\/media\/514135"}],"wp:attachment":[{"href":"https:\/\/www.europesays.com\/pt\/wp-json\/wp\/v2\/media?parent=514134"}],"wp:term":[{"taxonomy":"category","embeddable":true,"href":"https:\/\/www.europesays.com\/pt\/wp-json\/wp\/v2\/categories?post=514134"},{"taxonomy":"post_tag","embeddable":true,"href":"https:\/\/www.europesays.com\/pt\/wp-json\/wp\/v2\/tags?post=514134"}],"curies":[{"name":"wp","href":"https:\/\/api.w.org\/{rel}","templated":true}]}}