{"id":514136,"date":"2026-09-06T20:04:16","date_gmt":"2026-09-06T20:04:16","guid":{"rendered":"https:\/\/www.europesays.com\/pt\/514136\/"},"modified":"2026-09-06T20:04:16","modified_gmt":"2026-09-06T20:04:16","slug":"ariana-grande-bate-recorde-com-estreia-de-novo-single-em-parada-dos-eua","status":"publish","type":"post","link":"https:\/\/www.europesays.com\/pt\/514136\/","title":{"rendered":"Ariana Grande bate recorde com estreia de novo single em parada dos EUA"},"content":{"rendered":"<p class=\"my-5 break-words group-[.isActiveSource]:text-xl\">\u00a0<\/p>\n<p class=\"my-5 break-words group-[.isActiveSource]:text-xl\">A cantora <strong class=\"group-[.isActiveSource]:text-xl group-[.isActiveSource]:font-bold\">Ariana Grande<\/strong>, 32, garantiu um recorde com o <a href=\"https:\/\/www.cnnbrasil.com.br\/entretenimento\/ariana-grande-lanca-primeiro-single-de-nova-era-musical-ouca\/\" target=\"_blank\" rel=\"noopener noreferrer nofollow\" data-textassist=\"true\" class=\"text-red-600 underline hover:text-red-500 font-medium break-words group-[.isActiveSource]:text-xl\">lan\u00e7amento de sua nova m\u00fasica<\/a>, <strong class=\"group-[.isActiveSource]:text-xl group-[.isActiveSource]:font-bold\">&#8220;Hate That I Made You Love Me&#8221;<\/strong>. A artista conseguiu emplacar todas as primeiras m\u00fasicas lan\u00e7adas de seus 8 \u00e1lbuns no top 10 da principal parada musical dos Estados Unidos, sendo a \u00fanica artista a conseguir tal feito.<\/p>\n<p class=\"my-5 break-words group-[.isActiveSource]:text-xl\">A can\u00e7\u00e3o nova faz parte de seu <a href=\"https:\/\/www.cnnbrasil.com.br\/entretenimento\/petals-ariana-grande-anuncia-8o-album-de-estudio\/\" target=\"_blank\" rel=\"noopener noreferrer nofollow\" data-textassist=\"true\" class=\"text-red-600 underline hover:text-red-500 font-medium break-words group-[.isActiveSource]:text-xl\">futuro \u00e1lbum, &#8220;Petal&#8221;<\/a>, programado para ser lan\u00e7ado no dia 31 de julho, em pleno ver\u00e3o estadunidense.<\/p>\n<p class=\"my-5 break-words group-[.isActiveSource]:text-xl\">&#8220;Hate That I Made Love Me&#8221; n\u00e3o s\u00f3 estreou no top 10 como <a href=\"https:\/\/www.cnnbrasil.com.br\/entretenimento\/musica\/ariana-grande-estreia-hate-that-i-made-you-love-me-no-topo-do-spotify\/\" target=\"_blank\" rel=\"noopener noreferrer nofollow\" data-textassist=\"true\" class=\"text-red-600 underline hover:text-red-500 font-medium break-words group-[.isActiveSource]:text-xl\">chegou j\u00e1 em primeiro lugar da Billboard Hot 100<\/a>, destronando o rapper Drake. A estreia da nova turn\u00ea de Ariana Grande, no \u00faltimo s\u00e1bado (6), tamb\u00e9m fez os streams da m\u00fasica dispararem.<\/p>\n<p>Agradecimento aos f\u00e3s<\/p>\n<p class=\"my-5 break-words group-[.isActiveSource]:text-xl\">No Instagram, a famosa agradeceu a repercuss\u00e3o de seu lan\u00e7amento.\u00a0\u201cMe sinto a pessoa mais grata do mundo todos os dias por poder fazer o que amo, por poder compartilhar isso com f\u00e3s t\u00e3o carinhosos quanto os meus e por fazer isso com colaboradores t\u00e3o espetaculares e gentis como Ilya e Max Martin (produtores)\u201d, iniciou ela.<\/p>\n<p class=\"my-5 break-words group-[.isActiveSource]:text-xl\">\u201cO amor e o apoio incondicional que voc\u00eas demonstram ainda s\u00e3o e sempre ser\u00e3o incompreens\u00edveis para mim\u201d, seguiu.<\/p>\n<p class=\"my-5 break-words group-[.isActiveSource]:text-xl\">A cantora concluiu:\u00a0\u201cPor favor, saibam que n\u00e3o h\u00e1 um dia que passe sem que eu sinta isso e que \u00e9 algo que eu nunca, jamais darei como garantido. Eu amo voc\u00eas e agrade\u00e7o por demonstrarem tanto carinho por este \u00e1lbum. Feliz d\u00e9cimo n\u00famero um. Mal posso esperar para cant\u00e1-lo para voc\u00eas amanh\u00e3 novamente e depois pelo resto da minha vida\u201d.<\/p>\n","protected":false},"excerpt":{"rendered":"\u00a0 A cantora Ariana Grande, 32, garantiu um recorde com o lan\u00e7amento de sua nova m\u00fasica, &#8220;Hate That&hellip;\n","protected":false},"author":2,"featured_media":514137,"comment_status":"","ping_status":"","sticky":false,"template":"","format":"standard","meta":{"footnotes":"","_share_on_mastodon":"0"},"categories":[141],"tags":[114,115,149,150,32,33],"class_list":["post-514136","post","type-post","status-publish","format-standard","has-post-thumbnail","category-musica","tag-entertainment","tag-entretenimento","tag-music","tag-musica","tag-portugal","tag-pt"],"share_on_mastodon":{"url":"https:\/\/pubeurope.com\/@pt\/117225892451819508","error":""},"_links":{"self":[{"href":"https:\/\/www.europesays.com\/pt\/wp-json\/wp\/v2\/posts\/514136","targetHints":{"allow":["GET"]}}],"collection":[{"href":"https:\/\/www.europesays.com\/pt\/wp-json\/wp\/v2\/posts"}],"about":[{"href":"https:\/\/www.europesays.com\/pt\/wp-json\/wp\/v2\/types\/post"}],"author":[{"embeddable":true,"href":"https:\/\/www.europesays.com\/pt\/wp-json\/wp\/v2\/users\/2"}],"replies":[{"embeddable":true,"href":"https:\/\/www.europesays.com\/pt\/wp-json\/wp\/v2\/comments?post=514136"}],"version-history":[{"count":0,"href":"https:\/\/www.europesays.com\/pt\/wp-json\/wp\/v2\/posts\/514136\/revisions"}],"wp:featuredmedia":[{"embeddable":true,"href":"https:\/\/www.europesays.com\/pt\/wp-json\/wp\/v2\/media\/514137"}],"wp:attachment":[{"href":"https:\/\/www.europesays.com\/pt\/wp-json\/wp\/v2\/media?parent=514136"}],"wp:term":[{"taxonomy":"category","embeddable":true,"href":"https:\/\/www.europesays.com\/pt\/wp-json\/wp\/v2\/categories?post=514136"},{"taxonomy":"post_tag","embeddable":true,"href":"https:\/\/www.europesays.com\/pt\/wp-json\/wp\/v2\/tags?post=514136"}],"curies":[{"name":"wp","href":"https:\/\/api.w.org\/{rel}","templated":true}]}}