{"id":514146,"date":"2026-09-06T20:14:20","date_gmt":"2026-09-06T20:14:20","guid":{"rendered":"https:\/\/www.europesays.com\/pt\/514146\/"},"modified":"2026-09-06T20:14:20","modified_gmt":"2026-09-06T20:14:20","slug":"bell-marques-celebra-aniversario-de-74-anos-na-grecia-e-se-declara-para-neta-amor-tao-novo-e-puro","status":"publish","type":"post","link":"https:\/\/www.europesays.com\/pt\/514146\/","title":{"rendered":"Bell Marques celebra anivers\u00e1rio de 74 anos na Gr\u00e9cia e se declara para neta: \u2018Amor t\u00e3o novo e puro\u2019"},"content":{"rendered":"<p>Cantor celebrou a fam\u00edlia e as conquistas durante seu anivers\u00e1rio, neste s\u00e1bado (8)<\/p>\n<p id=\"paragrafo-e2nuz82yv5\">\nO cantor Bell Marques celebrou a chegada dos 74 anos neste s\u00e1bado (5) em grande estilo. Na Gr\u00e9cia, o cantor compartilhou fotos curtindo a fam\u00edlia na regi\u00e3o de Mykonos e agradeceu pelas alegrias e, em especial, pelo nascimento da neta, Malu, filha de Rafa Marques com a influenciadora Pati Guerra. &gt;\n<\/p>\n<p id=\"paragrafo-a1c1t10cep\">\n\u201cOlho para a minha vida e me sinto um privilegiado. Tenho uma fam\u00edlia linda, harmoniosa, feliz, parceira, amorosa e dedicada. Uma fam\u00edlia que sempre foi a minha maior conquista e inspira\u00e7\u00e3o e que, para completar a minha felicidade, agora est\u00e1 crescendo\u201d, escreveu Bell na publica\u00e7\u00e3o.&gt;\n<\/p>\n<p id=\"paragrafo-2chm5isrts\">\nO cantor acrescentou que o nascimento da neta deu um significado ainda mais especial ao seu anivers\u00e1rio e agradeceu pelas conquistas, pela sa\u00fade, pelos amigos e pela fam\u00edlia. \u201cEla [Malu] me fez agradecer a Deus de uma forma mais profunda por todos os anos vividos e por me permitir conhecer um amor t\u00e3o novo, t\u00e3o puro e t\u00e3o imenso. \u00c9 como se a vida tivesse me surpreendido com mais um daqueles presentes que a gente nem imaginava que ainda poderia receber\u201d, declarou Bell.&gt;\n<\/p>\n<p id=\"paragrafo-eq63ql3ru3\">\nNas redes sociais, amigos e artistas felicitaram Bell. Ao lado da fam\u00edlia, Durval Lelys cantou um trecho de \u201c100% Voc\u00ea\u201d e enviou felicita\u00e7\u00f5es ao amigo. \u201cSa\u00fade, paz, amor, sucesso e muito som para essa galera linda que te acompanha h\u00e1 v\u00e1rias d\u00e9cadas. Irm\u00e3o, te amo\u201d, disse.&gt;\n<\/p>\n<p id=\"paragrafo-hvley1wzxa\">\nRafa e Pipo Marques tamb\u00e9m parabenizaram o pai em uma publica\u00e7\u00e3o nas redes sociais. \u201cNosso maior exemplo, nossa refer\u00eancia e inspira\u00e7\u00e3o dentro e fora dos palcos. Que privil\u00e9gio poder dividir a vida, os sonhos, a m\u00fasica e tantas hist\u00f3rias com voc\u00ea. Que nunca faltem sa\u00fade, alegria e essa energia que \u00e9 t\u00e3o sua e que contagia todo mundo ao redor\u201d, escreveram.&gt;\n<\/p>\n<p id=\"paragrafo-pa03sf1fav\">\nMalu nasceu no dia 31 de julho, no Hospital Alian\u00e7a, no Rio Vermelho, em Salvador. Pati revelou a gravidez no dia 22 de janeiro, tamb\u00e9m em uma publica\u00e7\u00e3o nas redes sociais. Desde ent\u00e3o, o casal tem compartilhado diversos momentos da gesta\u00e7\u00e3o, incluindo o ch\u00e1 revela\u00e7\u00e3o, realizado no p\u00eder privativo da Mans\u00e3o Wildberger, no Largo da Vit\u00f3ria, onde Bell e Aninha moram.&gt;<\/p>\n","protected":false},"excerpt":{"rendered":"Cantor celebrou a fam\u00edlia e as conquistas durante seu anivers\u00e1rio, neste s\u00e1bado (8) O cantor Bell Marques celebrou&hellip;\n","protected":false},"author":2,"featured_media":514147,"comment_status":"","ping_status":"","sticky":false,"template":"","format":"standard","meta":{"footnotes":"","_share_on_mastodon":"0"},"categories":[145],"tags":[211,210,114,115,32,33],"class_list":["post-514146","post","type-post","status-publish","format-standard","has-post-thumbnail","category-celebridades","tag-celebridades","tag-celebrities","tag-entertainment","tag-entretenimento","tag-portugal","tag-pt"],"share_on_mastodon":{"url":"https:\/\/pubeurope.com\/@pt\/117225931568614647","error":""},"_links":{"self":[{"href":"https:\/\/www.europesays.com\/pt\/wp-json\/wp\/v2\/posts\/514146","targetHints":{"allow":["GET"]}}],"collection":[{"href":"https:\/\/www.europesays.com\/pt\/wp-json\/wp\/v2\/posts"}],"about":[{"href":"https:\/\/www.europesays.com\/pt\/wp-json\/wp\/v2\/types\/post"}],"author":[{"embeddable":true,"href":"https:\/\/www.europesays.com\/pt\/wp-json\/wp\/v2\/users\/2"}],"replies":[{"embeddable":true,"href":"https:\/\/www.europesays.com\/pt\/wp-json\/wp\/v2\/comments?post=514146"}],"version-history":[{"count":0,"href":"https:\/\/www.europesays.com\/pt\/wp-json\/wp\/v2\/posts\/514146\/revisions"}],"wp:featuredmedia":[{"embeddable":true,"href":"https:\/\/www.europesays.com\/pt\/wp-json\/wp\/v2\/media\/514147"}],"wp:attachment":[{"href":"https:\/\/www.europesays.com\/pt\/wp-json\/wp\/v2\/media?parent=514146"}],"wp:term":[{"taxonomy":"category","embeddable":true,"href":"https:\/\/www.europesays.com\/pt\/wp-json\/wp\/v2\/categories?post=514146"},{"taxonomy":"post_tag","embeddable":true,"href":"https:\/\/www.europesays.com\/pt\/wp-json\/wp\/v2\/tags?post=514146"}],"curies":[{"name":"wp","href":"https:\/\/api.w.org\/{rel}","templated":true}]}}