{"id":514150,"date":"2026-09-06T20:19:00","date_gmt":"2026-09-06T20:19:00","guid":{"rendered":"https:\/\/www.europesays.com\/pt\/514150\/"},"modified":"2026-09-06T20:19:00","modified_gmt":"2026-09-06T20:19:00","slug":"com-nelly-no-rock-in-rio-o-que-aconteceu-com-o-rapper-depois-de-dominar-os-anos-2000-com-hit-marcante","status":"publish","type":"post","link":"https:\/\/www.europesays.com\/pt\/514150\/","title":{"rendered":"Com Nelly no Rock in Rio, o que aconteceu com o rapper depois de dominar os anos 2000 com hit marcante"},"content":{"rendered":"\n<p class=\" content-text__container theme-color-primary-first-letter\" data-track-category=\"Link no Texto\" data-track-links=\"\"> &#8220;No matter what I do. All I think about is you. Even when I&#8217;m with my boo. Boy, you know I&#8217;m crazy over you&#8221;. O refr\u00e3o de Dilemma, can\u00e7\u00e3o Nelly com Kelly Rowland, estourou nas r\u00e1dios brasileiras em 2003, sobretudo ap\u00f3s ser inclu\u00edda na trilha sonora de &#8220;Malha\u00e7\u00e3o&#8221;. A can\u00e7\u00e3o ocupa o quarto lugar daquelas mais reproduzidas pelas r\u00e1dios, segundo o site Mais Tocadas. Depois do sucesso, por\u00e9m, Nelly nunca mais repetiu o sucesso de Dilemma no nosso pa\u00eds. Neste domingo (5), o rapper subir\u00e1 no palco do <a class=\"\" href=\"https:\/\/extra.globo.com\/entretenimento\/rock-in-rio\/\" rel=\"nofollow noopener\" target=\"_blank\">Rock in Rio<\/a> para seu primeiro show no Brasil. Por onde andou o cantor durante os \u00faltimos anos? <\/p>\n","protected":false},"excerpt":{"rendered":"&#8220;No matter what I do. All I think about is you. Even when I&#8217;m with my boo. Boy,&hellip;\n","protected":false},"author":2,"featured_media":514151,"comment_status":"","ping_status":"","sticky":false,"template":"","format":"standard","meta":{"footnotes":"","_share_on_mastodon":"0"},"categories":[141],"tags":[114,115,149,150,32,33],"class_list":["post-514150","post","type-post","status-publish","format-standard","has-post-thumbnail","category-musica","tag-entertainment","tag-entretenimento","tag-music","tag-musica","tag-portugal","tag-pt"],"share_on_mastodon":{"url":"https:\/\/pubeurope.com\/@pt\/117225951487440476","error":""},"_links":{"self":[{"href":"https:\/\/www.europesays.com\/pt\/wp-json\/wp\/v2\/posts\/514150","targetHints":{"allow":["GET"]}}],"collection":[{"href":"https:\/\/www.europesays.com\/pt\/wp-json\/wp\/v2\/posts"}],"about":[{"href":"https:\/\/www.europesays.com\/pt\/wp-json\/wp\/v2\/types\/post"}],"author":[{"embeddable":true,"href":"https:\/\/www.europesays.com\/pt\/wp-json\/wp\/v2\/users\/2"}],"replies":[{"embeddable":true,"href":"https:\/\/www.europesays.com\/pt\/wp-json\/wp\/v2\/comments?post=514150"}],"version-history":[{"count":0,"href":"https:\/\/www.europesays.com\/pt\/wp-json\/wp\/v2\/posts\/514150\/revisions"}],"wp:featuredmedia":[{"embeddable":true,"href":"https:\/\/www.europesays.com\/pt\/wp-json\/wp\/v2\/media\/514151"}],"wp:attachment":[{"href":"https:\/\/www.europesays.com\/pt\/wp-json\/wp\/v2\/media?parent=514150"}],"wp:term":[{"taxonomy":"category","embeddable":true,"href":"https:\/\/www.europesays.com\/pt\/wp-json\/wp\/v2\/categories?post=514150"},{"taxonomy":"post_tag","embeddable":true,"href":"https:\/\/www.europesays.com\/pt\/wp-json\/wp\/v2\/tags?post=514150"}],"curies":[{"name":"wp","href":"https:\/\/api.w.org\/{rel}","templated":true}]}}