{"id":51506,"date":"2025-08-30T13:32:08","date_gmt":"2025-08-30T13:32:08","guid":{"rendered":"https:\/\/www.europesays.com\/pt\/51506\/"},"modified":"2025-08-30T13:32:08","modified_gmt":"2025-08-30T13:32:08","slug":"sporting-com-sentimento-de-superioridade-fc-porto-teme-classico-em-inferioridade-futebol-nacional","status":"publish","type":"post","link":"https:\/\/www.europesays.com\/pt\/51506\/","title":{"rendered":"Sporting com sentimento de superioridade, FC Porto teme cl\u00e1ssico em inferioridade | Futebol nacional"},"content":{"rendered":"<p>Descontando o Benfica-Sporting da <a href=\"https:\/\/www.publico.pt\/2025\/07\/31\/desporto\/cronica_de_jogo\/benfica-derrota-sporting-vence-supertaca-saborzinho-vinganca-2142521\" rel=\"nofollow noopener\" target=\"_blank\">Superta\u00e7a<\/a>, Alvalade recebe esta noite (20h30, SPTV1), \u00e0 quarta jornada, o primeiro cl\u00e1ssico da temporada 2025-26. Um cl\u00e1ssico que n\u00e3o decide, como defendeu Rui Borges, treinador dos \u201cle\u00f5es\u201d, nada no que diz respeito ao pr\u00f3ximo vencedor do campeonato&#8230; Embora possa definir, nesta fase, o posicionamento hier\u00e1rquico da Liga entre candidatos, enquanto o Benfica n\u00e3o acerta calend\u00e1rio.<\/p>\n<p>Frente-a-frente estar\u00e3o um rotinado <a href=\"https:\/\/www.publico.pt\/2025\/05\/17\/desporto\/cronica_de_jogo\/pedro-goncalves-gyokeres-deram-inicio-festa-titulo-sporting-2133444\" rel=\"nofollow noopener\" target=\"_blank\">bicampe\u00e3o nacional<\/a> e um \u201cdrag\u00e3o\u201d revigorado com a chegada do treinador italiano Francesco Farioli, apoiado num forte <a href=\"https:\/\/www.publico.pt\/2025\/08\/08\/desporto\/noticia\/all-in-candidatos-bicampeao-2143316\" rel=\"nofollow noopener\" target=\"_blank\">investimento antecipado pela SAD de Andr\u00e9 Villas-Boas<\/a>, aspecto referido por Rui Borges, que elogiou o crescimento do advers\u00e1rio, at\u00e9 na dimens\u00e3o f\u00edsica da equipa.<\/p>\n<p>Tecnicamente empatados na tabela classificativa \u2013 separados apenas pela diferen\u00e7a entre os golos marcados e sofridos, ligeiramente favor\u00e1vel aos \u201cle\u00f5es\u201d -, Sporting e FC Porto come\u00e7aram, ainda que subliminarmente, a contrair os b\u00edceps nas respectivas salas de imprensa.<\/p>\n<p>Rui Borges falou primeiro, n\u00e3o resistindo \u00e0 tenta\u00e7\u00e3o de atribuir ligeiro favoritismo \u00e0 equipa bicampe\u00e3 nacional e <a href=\"https:\/\/www.publico.pt\/2025\/05\/25\/desporto\/noticia\/sporting-apareceu-final-tomou-conta-festa-2134297\" rel=\"nofollow noopener\" target=\"_blank\">detentora da Ta\u00e7a de Portugal<\/a>, em resposta directa a uma pergunta j\u00e1 na parte final da confer\u00eancia. Favoritismo essencialmente justificado por jogar em casa com o apoio dos adeptos.<\/p>\n<p>        &#13;<\/p>\n<blockquote class=\"twitter-tweet\" data-media-max-width=\"560\">\n<p lang=\"pt\" dir=\"ltr\">Confer\u00eancia de imprensa de antevis\u00e3o ao <a href=\"https:\/\/twitter.com\/hashtag\/SCPFCP?src=hash&amp;ref_src=twsrc%5Etfw\" rel=\"nofollow noopener\" target=\"_blank\">#SCPFCP<\/a> da <a href=\"https:\/\/twitter.com\/hashtag\/LigaPortugalBetclic?src=hash&amp;ref_src=twsrc%5Etfw\" rel=\"nofollow noopener\" target=\"_blank\">#LigaPortugalBetclic<\/a> ? <a href=\"https:\/\/t.co\/fZfeRibFOw\" rel=\"nofollow\">https:\/\/t.co\/fZfeRibFOw<\/a><\/p>\n<p>\u2014 Sporting CP (@SportingCP) <a href=\"https:\/\/twitter.com\/SportingCP\/status\/1961383683635483035?ref_src=twsrc%5Etfw\" rel=\"nofollow noopener\" target=\"_blank\">August 29, 2025<\/a><\/p><\/blockquote>\n<p> &#13;<\/p>\n<p>A declara\u00e7\u00e3o, inofensiva, parece ter, ainda assim, ganhado contornos de farpa para os lados do Drag\u00e3o, j\u00e1 que nestas circunst\u00e2ncias \u00e9 costume contornar a quest\u00e3o. Ainda que indirectamente, o treinador do <a href=\"https:\/\/www.publico.pt\/fc-porto\" rel=\"nofollow noopener\" target=\"_blank\">FC Porto<\/a> n\u00e3o deixou o hom\u00f3logo sportinguista sem resposta, que surgiu a dois tempos.<\/p>\n<p>Primeiro para concordar com Rui Borges, cujas afirma\u00e7\u00f5es considerou \u201ccorrectas\u201d, tratando-se do \u201ccampe\u00e3o das duas \u00faltimas \u00e9pocas\u201d. O italiano encaixou o \u201cgolpe\u201d com eleg\u00e2ncia, refor\u00e7ando o respeito com que o FC Porto se apresentar\u00e1 em Alvalade. Postura a que acrescentou o desejo de contrariar esse \u201cfavoritismo\u201d.<\/p>\n<p>Samu recuperado<\/p>\n<p>Farioli concordou, igualmente, com a ideia de que o desfecho do cl\u00e1ssico nada decidir\u00e1 nesta altura, pelo que coloca maior \u00eanfase no \u201cprocesso evolutivo\u201d da equipa, encarando o duelo como \u201cmais um jogo\u201d e, simultaneamente, como \u201cmais do que um mero jogo\u201d entre candidatos e rivais.<\/p>\n<p>        &#13;<\/p>\n<blockquote class=\"twitter-tweet\" data-media-max-width=\"560\">\n<p lang=\"pt\" dir=\"ltr\">LIVE: Confer\u00eancia de Imprensa de Francesco Farioli ? <a href=\"https:\/\/t.co\/f5J6CX50S7\" rel=\"nofollow\">https:\/\/t.co\/f5J6CX50S7<\/a><\/p>\n<p>\u2014 FC Porto (@FCPorto) <a href=\"https:\/\/twitter.com\/FCPorto\/status\/1961395233544880515?ref_src=twsrc%5Etfw\" rel=\"nofollow noopener\" target=\"_blank\">August 29, 2025<\/a><\/p><\/blockquote>\n<p> &#13;<\/p>\n<p>A segunda parte da resposta surgiu logo na quest\u00e3o seguinte, j\u00e1 depois de ter garantido a presen\u00e7a de Samu no cl\u00e1ssico \u2013 que Rui Borges antecipara &#8211; e da integra\u00e7\u00e3o do <a href=\"https:\/\/www.publico.pt\/2025\/08\/28\/desporto\/noticia\/pablo-rosario-juntase-meiocampo-fc-porto-ate-2029-2145234\" rel=\"nofollow noopener\" target=\"_blank\">refor\u00e7o Pablo Rosario<\/a> na comitiva. Uma pergunta relacionada com a propens\u00e3o evidenciada pelas equipas de <a href=\"https:\/\/www.publico.pt\/2025\/07\/06\/desporto\/noticia\/farioli-assina-fc-porto-ate-2027-2139170\" rel=\"nofollow noopener\" target=\"_blank\">Farioli <\/a>nos Pa\u00edses Baixos e at\u00e9 em Fran\u00e7a para vencerem os \u201ccl\u00e1ssicos\u201d. Algo que o FC Porto n\u00e3o consegue desde Mar\u00e7o de 2024, quando goleou o Benfica (5-0) no Drag\u00e3o.<\/p>\n<p>Atentos ao onze contra dez<\/p>\n<p>Tend\u00eancia desvalorizada pelo t\u00e9cnico portista, que aproveitou a deixa para explicar que este \u00e9 um caso diferente, especialmente pelas dificuldades que diz ter sentido para analisar um advers\u00e1rio que \u201cfrequentemente\u201d actua contra equipas reduzidas a dez unidades.<\/p>\n<p>Estava devolvida a alfinetada, a meias com um reparo indirecto \u00e0s arbitragens. E se o \u201cligeiro favoritismo\u201d de Rui Borges deixou margem para poder ser entendido como algo espont\u00e2neo, a \u201cdisciplina\u201d de Farioli foi, inegavelmente, premeditada.<\/p>\n<p>O t\u00e9cnico portista sabia de cor o n\u00famero de jogos (quase um ter\u00e7o) em que o Sporting jogou com mais uma unidade (sete em 23), ainda que isso diga pouco sobre a justi\u00e7a ou injusti\u00e7a dessas expuls\u00f5es, ou sobre a altura em que surgiram e que influ\u00eancia tiveram no resultado. E sem direito a contradit\u00f3rio, j\u00e1 que os \u201cle\u00f5es\u201d tamb\u00e9m n\u00e3o foram imunes aos vermelhos em 2024-25.<\/p>\n<p>Factualmente, este ano, na Liga, o Sporting s\u00f3 n\u00e3o jogou contra dez frente ao Casa Pia, na primeira ronda. Por isso Farioli foi rebuscar o passado para perceber como se comporta o \u201cle\u00e3o\u201d, embora este ano tenha mudado de sistema e perdido Gy\u00f6keres. O que Farioli percebeu foi a exist\u00eancia de um padr\u00e3o que o levou a preparar-se para todos os cen\u00e1rios, inclusive o de inferioridade&#8230; \u201cjust in case!\u201d.<\/p>\n<p>O t\u00e9cnico do FC Porto muniu-se ainda de outros n\u00fameros, para propor uma viragem, depois de perceber que nos \u00faltimos 23 confrontos dos portistas em Alvalade os \u201cazuis e brancos\u201d s\u00f3 venceram cinco (mesmo que nas \u00faltimas oito desloca\u00e7\u00f5es s\u00f3 tenha perdido duas vezes e vencido outras tantas), o que para Farioli representa um peso negativo do est\u00e1dio do Sporting, onde n\u00e3o actuar\u00e3o Pep\u00ea e <a href=\"https:\/\/www.publico.pt\/2025\/08\/12\/desporto\/noticia\/martim-fernandes-sofre-lesao-ligamento-joelho-esquerdo-2143750\" rel=\"nofollow noopener\" target=\"_blank\">Martim Fernandes<\/a> pelo FC Porto e Nuno Santos, Maxi Ara\u00fajo, Daniel Bragan\u00e7a, Morita e Diomande pelos locais.<\/p>\n<p>            <script async src=\"https:\/\/platform.twitter.com\/widgets.js\" charset=\"utf-8\"><\/script><\/p>\n","protected":false},"excerpt":{"rendered":"Descontando o Benfica-Sporting da Superta\u00e7a, Alvalade recebe esta noite (20h30, SPTV1), \u00e0 quarta jornada, o primeiro cl\u00e1ssico da&hellip;\n","protected":false},"author":2,"featured_media":51507,"comment_status":"","ping_status":"","sticky":false,"template":"","format":"standard","meta":{"footnotes":""},"categories":[87],"tags":[135,282,280,281,32,33,3880,34,134],"class_list":{"0":"post-51506","1":"post","2":"type-post","3":"status-publish","4":"format-standard","5":"has-post-thumbnail","7":"category-desporto","8":"tag-desporto","9":"tag-fc-porto","10":"tag-futebol-nacional","11":"tag-i-liga","12":"tag-portugal","13":"tag-pt","14":"tag-rui-borges","15":"tag-sporting","16":"tag-sports"},"share_on_mastodon":{"url":"","error":""},"_links":{"self":[{"href":"https:\/\/www.europesays.com\/pt\/wp-json\/wp\/v2\/posts\/51506","targetHints":{"allow":["GET"]}}],"collection":[{"href":"https:\/\/www.europesays.com\/pt\/wp-json\/wp\/v2\/posts"}],"about":[{"href":"https:\/\/www.europesays.com\/pt\/wp-json\/wp\/v2\/types\/post"}],"author":[{"embeddable":true,"href":"https:\/\/www.europesays.com\/pt\/wp-json\/wp\/v2\/users\/2"}],"replies":[{"embeddable":true,"href":"https:\/\/www.europesays.com\/pt\/wp-json\/wp\/v2\/comments?post=51506"}],"version-history":[{"count":0,"href":"https:\/\/www.europesays.com\/pt\/wp-json\/wp\/v2\/posts\/51506\/revisions"}],"wp:featuredmedia":[{"embeddable":true,"href":"https:\/\/www.europesays.com\/pt\/wp-json\/wp\/v2\/media\/51507"}],"wp:attachment":[{"href":"https:\/\/www.europesays.com\/pt\/wp-json\/wp\/v2\/media?parent=51506"}],"wp:term":[{"taxonomy":"category","embeddable":true,"href":"https:\/\/www.europesays.com\/pt\/wp-json\/wp\/v2\/categories?post=51506"},{"taxonomy":"post_tag","embeddable":true,"href":"https:\/\/www.europesays.com\/pt\/wp-json\/wp\/v2\/tags?post=51506"}],"curies":[{"name":"wp","href":"https:\/\/api.w.org\/{rel}","templated":true}]}}