{"id":51704,"date":"2025-08-30T17:09:17","date_gmt":"2025-08-30T17:09:17","guid":{"rendered":"https:\/\/www.europesays.com\/pt\/51704\/"},"modified":"2025-08-30T17:09:17","modified_gmt":"2025-08-30T17:09:17","slug":"polemica-garantida-diretor-de-a-fazenda-revela-querer-luana-piovani-e-neymar-no-programa","status":"publish","type":"post","link":"https:\/\/www.europesays.com\/pt\/51704\/","title":{"rendered":"POL\u00caMICA GARANTIDA! Diretor de A Fazenda revela querer Luana Piovani e Neymar no programa"},"content":{"rendered":"<p>\n                        Diretor de A Fazenda abre o jogo e revela querer Luana Piovani e Neymar no programa; veja detalhes\n                    <\/p>\n<p class=\"text\">Faltando poucos dias para a estreia da 17\u00aa edi\u00e7\u00e3o de A Fazenda, programada para 15 de setembro na tela da Record sob comando de <strong>Adriane Galisteu,<\/strong> o diretor <strong>Rodrigo Carelli<\/strong> resolve abrir o jogo sobre os bastidores da escolha de participantes. Durante entrevista concedida nesta quinta-feira (28\/8) ao Link Podcast, ele falou sobre nomes que considera ideais para o reality rural e ainda relembrou momentos pol\u00eamicos das temporadas passadas.<\/p>\n<p><img loading=\"lazy\" decoding=\"async\" alt=\"Reprodu\u00e7\u00e3o\/instagram\" class=\"img-e3e4b0f7659f816dde9384bbc06c61c5jytqqyoq\" height=\"435\" src=\"https:\/\/www.europesays.com\/pt\/wp-content\/uploads\/2025\/08\/1204848026-contigo-12-1.png\"  title=\"Reprodu\u00e7\u00e3o\/instagram\" width=\"774\"\/><\/p>\n<p>Reprodu\u00e7\u00e3o\/instagram<\/p>\n<p>Foto: Contigo<\/p>\n<p class=\"text\">Provocado pela jornalista <strong>Keila Jimenez,<\/strong> que pediu para ele citar &#8220;um famoso dos seus sonhos em &#8216;A Fazenda'&#8221;, Carelli respondeu sem titubear: &#8220;Pode ser loucura total? Neymar&#8221;. A men\u00e7\u00e3o ao jogador do <b>Santos <\/b>deixou claro que o diretor n\u00e3o mede esfor\u00e7os para pensar em figuras que poderiam gerar grande repercuss\u00e3o dentro e fora do confinamento.<\/p>\n<p><strong>Cairo Jardim abre o jogo<\/strong><\/p>\n<p class=\"text\">Em seguida,<strong> Cairo Jardim<\/strong> aproveitou para questionar se a atriz <strong>Luana Piovani<\/strong> j\u00e1 havia sido sondada para o programa. <strong>Carelli<\/strong>, que j\u00e1 trabalhou com ela na \u00e9poca da MTV, foi direto ao ponto: &#8220;J\u00e1 tentei, sim. Eu trabalhei com a Luana na MTV. Ela fez um programa l\u00e1 e tentei uma vez s\u00f3. A resposta foi muito categ\u00f3rica: &#8216;N\u00e3o me ligue mais!'&#8221;.\u00a0<\/p>\n<p class=\"text\">Ao longo da conversa, o diretor ainda registrou a resist\u00eancia de Gretchen no meio da competi\u00e7\u00e3o, epis\u00f3dio que, segundo ele, o deixou bastante frustrado. Mesmo assim, descobriu que a sa\u00edda da cantora acabou marcando sua trajet\u00f3ria: &#8220;Foi a Gretchen. Apesar de a resist\u00eancia dela ter sido o que iniciou a onda de memes e ajudou a transformar a Gretchen que conhecemos hoje. Isso tem muito a ver com o primeiro &#8216;Power Couple&#8217;, com &#8216;A Fazenda&#8217; e, tamb\u00e9m, com aquele outro &#8216;Power Couple&#8217; do qual ela desistiu novamente&#8221; .<\/p>\n<p>Pol\u00eamicas e intensidade<\/p>\n<p class=\"text\">Questionado sobre a possibilidade de contar com uma estrela internacional no elenco, como a atriz venezuelana <strong>Gabriela Spanic,<\/strong> famosa pela ic\u00f4nica <strong>Paola Bracho<\/strong> de A Usurpadora, <strong>Carelli<\/strong> preferiu n\u00e3o confirmar nem negar: &#8220;N\u00e3o sei e n\u00e3o posso falar&#8221;.<\/p>\n<p class=\"text\">Enquanto mant\u00e9m mist\u00e9rio sobre algumas negocia\u00e7\u00f5es, parte do elenco j\u00e1 come\u00e7ou a ser revelada. Segundo o portal LeoDias , os nomes confirmados at\u00e9 agora s\u00e3o <strong>Rayane Figliuzzi, Davi Brito, Edilson Capetinha, Gustavo Rocha, Fefito, Tamires Assis e Fabiano Moraes.<\/strong><\/p>\n<p class=\"text\">Se depender de <strong>Carelli<\/strong>, a nova edi\u00e7\u00e3o do reality promete ser uma das mais intensas da hist\u00f3ria, unindo pol\u00eamicas, surpresas e um elenco pensado para manter a audi\u00eancia ligada na Record at\u00e9 o \u00faltimo dia de confinamento.<\/p>\n","protected":false},"excerpt":{"rendered":"Diretor de A Fazenda abre o jogo e revela querer Luana Piovani e Neymar no programa; veja detalhes&hellip;\n","protected":false},"author":2,"featured_media":51705,"comment_status":"","ping_status":"","sticky":false,"template":"","format":"standard","meta":{"footnotes":""},"categories":[142],"tags":[114,115,32,33,151],"class_list":{"0":"post-51704","1":"post","2":"type-post","3":"status-publish","4":"format-standard","5":"has-post-thumbnail","7":"category-tv","8":"tag-entertainment","9":"tag-entretenimento","10":"tag-portugal","11":"tag-pt","12":"tag-tv"},"share_on_mastodon":{"url":"","error":""},"_links":{"self":[{"href":"https:\/\/www.europesays.com\/pt\/wp-json\/wp\/v2\/posts\/51704","targetHints":{"allow":["GET"]}}],"collection":[{"href":"https:\/\/www.europesays.com\/pt\/wp-json\/wp\/v2\/posts"}],"about":[{"href":"https:\/\/www.europesays.com\/pt\/wp-json\/wp\/v2\/types\/post"}],"author":[{"embeddable":true,"href":"https:\/\/www.europesays.com\/pt\/wp-json\/wp\/v2\/users\/2"}],"replies":[{"embeddable":true,"href":"https:\/\/www.europesays.com\/pt\/wp-json\/wp\/v2\/comments?post=51704"}],"version-history":[{"count":0,"href":"https:\/\/www.europesays.com\/pt\/wp-json\/wp\/v2\/posts\/51704\/revisions"}],"wp:featuredmedia":[{"embeddable":true,"href":"https:\/\/www.europesays.com\/pt\/wp-json\/wp\/v2\/media\/51705"}],"wp:attachment":[{"href":"https:\/\/www.europesays.com\/pt\/wp-json\/wp\/v2\/media?parent=51704"}],"wp:term":[{"taxonomy":"category","embeddable":true,"href":"https:\/\/www.europesays.com\/pt\/wp-json\/wp\/v2\/categories?post=51704"},{"taxonomy":"post_tag","embeddable":true,"href":"https:\/\/www.europesays.com\/pt\/wp-json\/wp\/v2\/tags?post=51704"}],"curies":[{"name":"wp","href":"https:\/\/api.w.org\/{rel}","templated":true}]}}