{"id":51722,"date":"2025-08-30T17:24:08","date_gmt":"2025-08-30T17:24:08","guid":{"rendered":"https:\/\/www.europesays.com\/pt\/51722\/"},"modified":"2025-08-30T17:24:08","modified_gmt":"2025-08-30T17:24:08","slug":"tomas-handel-na-porta-de-saida-medio-nao-foi-convocado-para-o-jogo-com-o-arouca-o-jogo","status":"publish","type":"post","link":"https:\/\/www.europesays.com\/pt\/51722\/","title":{"rendered":"Tom\u00e1s H\u00e4ndel na porta de sa\u00edda: m\u00e9dio n\u00e3o foi convocado para o jogo com o Arouca &#8211; O Jogo"},"content":{"rendered":"<ol>\n<li><a href=\"https:\/\/news.google.com\/rss\/articles\/CBMisAFBVV95cUxPY0Vxb0Q2T2M1ZHMxZnI2Z1lEN1lmS21UY2M2WUZmeW1QRjNaUzlzcWhBMTZtMWl3cjhXUnlRa3ZrRHdhUm14VU9YbkNJMzFSeUpPR1NPcTFDNlV5TExjU1gyVkI4cnpNTUJGN0x1ellETDVlazlRcUVnYnRRTEJpTHZITl9MUDdMdjFpZmg0UGpVYWJRclZIQWdUNUphQW4zVzRWaWc5QUZXV2o3aFlDTQ?oc=5\" target=\"_blank\" rel=\"nofollow noopener\">Tom\u00e1s H\u00e4ndel na porta de sa\u00edda: m\u00e9dio n\u00e3o foi convocado para o jogo com o Arouca<\/a>&nbsp;&nbsp;O Jogo<\/li>\n<li><a href=\"https:\/\/news.google.com\/rss\/articles\/CBMi1gFBVV95cUxNcW9BVmE4a3c5S3hueUpFNmNfejM5RjRUS3ZnRXRSaFpxdkFVTkFHTnl4RkEzZ0lIakYxNzBZbHNPTjFoZllZYUY1VjRRU2d1d1czYklMUWhVV1ZoLXdlUDhCdGVUemVYbGRoVjFodW5fYVFHNkNyODNBZnpaR1N3VERHSWtld2RIVnp0NmY2WS1uWjh0NS1XM3IzZnFid2NiemduM3JLMFlDa1N1Qnc0Mm5ZWVh3Vko0YTM5SVhVNTFUSFhjcl9BR3JJNVJCaW1mNjZZSzNB?oc=5\" target=\"_blank\" rel=\"nofollow noopener\">Tom\u00e1s H\u00e4ndel est\u00e1 a caminho da R\u00fassia e falha jogo do Vit\u00f3ria SC<\/a>&nbsp;&nbsp;Flashscore.pt<\/li>\n<li><a href=\"https:\/\/news.google.com\/rss\/articles\/CBMi0AFBVV95cUxNSGhfbGRFQkxpZW1DcUE5ZVg0alIxd0VWSVJJalZlaW5tdGVRRlY0UlRrUjZoMGNpTkZ1UTlzdEg5YlNzM1czdnV6MEVKQ2Z2RnpSemNueVBUd1NxTlNlT09tNnVXakt0MFc4Q2pESDJjdE9BNGlJRVN5cUp3SXYtMUU5c2dSYWNzUWNpMllzU2RKaExUSFkyVlJER2M4V0dBWHZJRGVleUwyZmtSejA3RkRoNmw1M1BfNVJMWHlYWF9NVEdoSHZHU1VyWmZCNWhl?oc=5\" target=\"_blank\" rel=\"nofollow noopener\">Vit\u00f3ria SC teme sa\u00edda de m\u00e9dio e mant\u00e9m-se de olho no me&#8230;<\/a>&nbsp;&nbsp;football-addict<\/li>\n<li><a href=\"https:\/\/news.google.com\/rss\/articles\/CBMiogFBVV95cUxPdGhwZzlDRlozR2tkMjFOWWxQY1k3MDNoeFpPVlF5ZU5SOURuRlNjMUxqNDVIOTR4UGptRGdfaWZlbW1NRUhTaFBvOUtWY0FhV1FSQUlBeTJDN0E0SkJ5VXVJRi14Mk4wejZUR0hsdDJqQTVGa0JPMmVVU3ZSUXlLVnhLZUxBTV9aSkk1Ri1OQXROV3Y5V2NfNTV4MkVpOEIzSUE?oc=5\" target=\"_blank\" rel=\"nofollow noopener\">CSKA Moscovo negoceia destaque do Vit\u00f3ria SC<\/a>&nbsp;&nbsp;Bola na Rede<\/li>\n<li><a href=\"https:\/\/news.google.com\/rss\/articles\/CBMiyAFBVV95cUxNeGJMZkJ3LWtLRnNybkFiWnhIT3RoUWFybEtlVFpjU1VxNktTZlRJVlp3RWwwOE5PQ3V5cXM0ZXB3QmFqcjhCeVZVeGwydXM0WE1TWTAtREVHOWR0QWNPU0lUVkpRamtrYzZMUlVmTHlqdU11WVk0N1ZidGVjZFFZcXk2Qi1BcmptT0FmMlFvQUp5dzFEM04zaXZtc2ZxcjU0cmlLU1lGNmFVU2R1emZQa0QyMlFUYTljbjZhaUhRZ1ZJREEyZ2R1aQ?oc=5\" target=\"_blank\" rel=\"nofollow noopener\">Tom\u00e1s Handel n\u00e3o joga com o Arouca e est\u00e1 de sa\u00edda do Vit\u00f3ria<\/a>&nbsp;&nbsp;Guimar\u00e3es Digital<\/li>\n<\/ol>\n","protected":false},"excerpt":{"rendered":"Tom\u00e1s H\u00e4ndel na porta de sa\u00edda: m\u00e9dio n\u00e3o foi convocado para o jogo com o Arouca&nbsp;&nbsp;O Jogo Tom\u00e1s&hellip;\n","protected":false},"author":2,"featured_media":51723,"comment_status":"","ping_status":"","sticky":false,"template":"","format":"standard","meta":{"footnotes":""},"categories":[8],"tags":[27,28,15,16,14,25,26,21,22,12,13,19,20,32,23,24,33,17,18,29,30,31],"class_list":{"0":"post-51722","1":"post","2":"type-post","3":"status-publish","4":"format-standard","5":"has-post-thumbnail","7":"category-principais-noticias","8":"tag-breaking-news","9":"tag-breakingnews","10":"tag-featured-news","11":"tag-featurednews","12":"tag-headlines","13":"tag-latest-news","14":"tag-latestnews","15":"tag-main-news","16":"tag-mainnews","17":"tag-news","18":"tag-noticias","19":"tag-noticias-principais","20":"tag-noticiasprincipais","21":"tag-portugal","22":"tag-principais-noticias","23":"tag-principaisnoticias","24":"tag-pt","25":"tag-top-stories","26":"tag-topstories","27":"tag-ultimas","28":"tag-ultimas-noticias","29":"tag-ultimasnoticias"},"share_on_mastodon":{"url":"","error":""},"_links":{"self":[{"href":"https:\/\/www.europesays.com\/pt\/wp-json\/wp\/v2\/posts\/51722","targetHints":{"allow":["GET"]}}],"collection":[{"href":"https:\/\/www.europesays.com\/pt\/wp-json\/wp\/v2\/posts"}],"about":[{"href":"https:\/\/www.europesays.com\/pt\/wp-json\/wp\/v2\/types\/post"}],"author":[{"embeddable":true,"href":"https:\/\/www.europesays.com\/pt\/wp-json\/wp\/v2\/users\/2"}],"replies":[{"embeddable":true,"href":"https:\/\/www.europesays.com\/pt\/wp-json\/wp\/v2\/comments?post=51722"}],"version-history":[{"count":0,"href":"https:\/\/www.europesays.com\/pt\/wp-json\/wp\/v2\/posts\/51722\/revisions"}],"wp:featuredmedia":[{"embeddable":true,"href":"https:\/\/www.europesays.com\/pt\/wp-json\/wp\/v2\/media\/51723"}],"wp:attachment":[{"href":"https:\/\/www.europesays.com\/pt\/wp-json\/wp\/v2\/media?parent=51722"}],"wp:term":[{"taxonomy":"category","embeddable":true,"href":"https:\/\/www.europesays.com\/pt\/wp-json\/wp\/v2\/categories?post=51722"},{"taxonomy":"post_tag","embeddable":true,"href":"https:\/\/www.europesays.com\/pt\/wp-json\/wp\/v2\/tags?post=51722"}],"curies":[{"name":"wp","href":"https:\/\/api.w.org\/{rel}","templated":true}]}}