{"id":51724,"date":"2025-08-30T17:25:12","date_gmt":"2025-08-30T17:25:12","guid":{"rendered":"https:\/\/www.europesays.com\/pt\/51724\/"},"modified":"2025-08-30T17:25:12","modified_gmt":"2025-08-30T17:25:12","slug":"ratinho-faz-comentario-indecente-apos-beijo-entre-cariucha-e-filho-de-gugu-portal-uai","status":"publish","type":"post","link":"https:\/\/www.europesays.com\/pt\/51724\/","title":{"rendered":"Ratinho faz coment\u00e1rio indecente ap\u00f3s beijo entre Cari\u00facha e filho de Gugu &#8211; Portal Uai"},"content":{"rendered":"<ol>\n<li><a href=\"https:\/\/news.google.com\/rss\/articles\/CBMi8gFBVV95cUxQZmhYQ1FVd0Z2RERtNnphX0V1em1tUDFqY3NmeDJiX2hjMWRJdXlMVDZMSFV5aUlKLWxoM0I1SndtbmtTcEczRjUwMTRHY3hGZnhtN3NHVklXNWJWQ0RuUUN3elp4RjZvTXF5SDB1QmhMa0MyTS1oYjN6YnRaYXY3MFpjVjRRQ3R6M1RtMnppbkliUGZmMnN3TUtVT1E1VXpzVjhkMXEwTXdtazVNa1luaG9SZEdRT0JBZzVKT3FyenpTdk1fTVRhajk3NGJYMnctaVp2ZDZlOVd0X0VDSC1BNFhiR25KRGZITWt4bFk5RDhoUdIB8gFBVV95cUxOelU5STRBbkNndWVyZG9zSnQ0R3FLRFJHUklFX21xb1dZbDhOYzJZVWlObWhqSlNEX2RyTTFxVGVyaHMxeDZHSkFsd3ZNOEl2alEyaXJCZTE0VHRvVGNGWjNjY1hrYnNFRzRQTVpCa2dRcVRDbW5peW1TSC1rU2xiWkNQaG5lSTlCVU1MZGpPZ0x2ZzJOZVAwU0hDOFJDREpVOU1MZE1FOGNRQmVHLU5FM1BzeE03Y1pfM2VuWU9naFAwVFdpLXJIMHJGWm5zUFJKczRSQ1Z5Tll0SDZaNThXX3VUWElNLS10QXNxb3BmUjczQQ?oc=5\" target=\"_blank\" rel=\"nofollow noopener\">Ratinho faz coment\u00e1rio indecente ap\u00f3s beijo entre Cari\u00facha e filho de Gugu<\/a>&nbsp;&nbsp;Portal Uai<\/li>\n<li><a href=\"https:\/\/news.google.com\/rss\/articles\/CBMi7wFBVV95cUxPNFNJLTNPSlhsc0Rtd2pxUEQ4MkxxdTNKak9kalZqYWE0YmRqVmRZdmdMc1R6QmJvZHFwcTlmSEt1X21CR0VtMXlkZVphZlBFdGRLbTNndGVrMXNUd1EyaHN3YUN6U2N0M1VzRkFDb3I2ek9hWk1LV0FGZ0hsWmxaTkhhVThyMEVkR3paSW9UeVoyN0dCWmRwX3JBWEluV1FLaHhRWkZwcG5yWjZORGhNTUgxUnR5bFpReC1oNVhyVkVNczdRMjFZZ1drX3lVOFZQQ2s5Q0doQVlIdEpTYzlybmN0dE1SQ1ExNWxlU0JDRQ?oc=5\" target=\"_blank\" rel=\"nofollow noopener\">Ratinho confronta Cari\u00facha ap\u00f3s beijo em filho de Gugu: &#8216;Vou te ver na cadeia&#8217;<\/a>&nbsp;&nbsp;Terra<\/li>\n<li><a href=\"https:\/\/news.google.com\/rss\/articles\/CBMisAFBVV95cUxNRVRkQlFrSW1rRlFNWlItTWtDdmFkSTFrWldWd3pCUzIzeXliaFp2VE5VSG9SUDhrVmtBOGZEeGZJblVNNnBqeGREUldDdEJKejJJTGJTYl9KZnc5X3ZZcS1JQlhudmRVYUl3eE1UVExRazNJTzFpTVRMZmpKRkZFR1BEVVZJSThoQWRVYWY1Ri1ja0JGZEgzdkQxeUlwM1daVzBJQU9JZVZiQ2JyTmhoeQ?oc=5\" target=\"_blank\" rel=\"nofollow noopener\">Ap\u00f3s flagra com filho de Gugu, Cari\u00facha \u00e9 alvo de racismo nas redes<\/a>&nbsp;&nbsp;VEJA<\/li>\n<li><a href=\"https:\/\/news.google.com\/rss\/articles\/CBMi0gFBVV95cUxPa2RhNXQ5ank1ZGNFSFpYNGtKaGRHdmtXVXRTUWMwcF9jeEg5SjRCbWJ6M0JhaUMxckdFeGswQnlYMS05TC1NSXM0Um5keE10bmx5RFFCY19vSGFnckZucjRXdWFOcnFrd080NGctNTBCUXNvV0dKdVppbG16NjQ3RTFzcnJWR2hLMkQ0dHE1VmM3V2pQa2owcjJyRzl6eFdRQmxVSFNBNmpKSDNJTExsVnJMZm9sRi1odi0ySURfYjNGTWVLeUo4RmVxdmN5azRFcFHSAeABQVVfeXFMT1hzdC1qWngxMkxrT0haOFFVYllid01QQWRmZFpvYkxuQ0Q5Z3BnMGZyMnhsNER0Z0NjOWhqOGlUN2NmcDdhdDJUY3U0RzBGejJ1MjZYNFBkY0wtMWxVTjBzbXZjVTltNkFnZ0NDMUl5NlhuWXBlLXI5Y2RzaTNFVnk4SFNaQklDelJkVzF1X0hxVG9GWDFTcElVSWxEV21JR19IZEVoSGg1eXoza0Utc0hkUWsyVHREc1JJaUlYYzc0X3hDTHFXU3gyVlhFRXVhbXVzODFCeGlOSktRR1JBMDM?oc=5\" target=\"_blank\" rel=\"nofollow noopener\">Cari\u00facha admite que &#8216;chegou&#8217; em filho de Gugu para conseguir beijo: &#8216;N\u00e3o foi ele&#8217;<\/a>&nbsp;&nbsp;Not\u00edcias da TV<\/li>\n<li><a href=\"https:\/\/news.google.com\/rss\/articles\/CBMizgFBVV95cUxOOXhIaWxTVkpjZndCYjhrcjRfYjE0NW5BcjJwYmh6aDZfbmlSMktBNi1kcDc4bHlrbzctS19iQVdDWWU0Tm9EZEtTYlRBVG92RWcyeUkzYnNkLWFMRWVWVmZUQy10US1tb2E4UmdyeThucTNrdFR6cTYzZXkwT1g2RDhkLXhXNVJBQU9wOTRZM3NDMjBGV3h5dUhrY2ZoTVFHenRLLUZNdFlfMmF4VWNKSlIwaS1nUUUydi1SV2NhTlVlNkVfZXY0VTA3UUFLdw?oc=5\" target=\"_blank\" rel=\"nofollow noopener\">Jo\u00e3o Silva revela que se divertiu muito com Cari\u00facha em festa: &#8211; Vai estar em todas<\/a>&nbsp;&nbsp;Estrelando<\/li>\n<\/ol>\n","protected":false},"excerpt":{"rendered":"Ratinho faz coment\u00e1rio indecente ap\u00f3s beijo entre Cari\u00facha e filho de Gugu&nbsp;&nbsp;Portal Uai Ratinho confronta Cari\u00facha ap\u00f3s beijo&hellip;\n","protected":false},"author":2,"featured_media":51725,"comment_status":"","ping_status":"","sticky":false,"template":"","format":"standard","meta":{"footnotes":""},"categories":[145],"tags":[211,210,114,115,32,33],"class_list":{"0":"post-51724","1":"post","2":"type-post","3":"status-publish","4":"format-standard","5":"has-post-thumbnail","7":"category-celebridades","8":"tag-celebridades","9":"tag-celebrities","10":"tag-entertainment","11":"tag-entretenimento","12":"tag-portugal","13":"tag-pt"},"share_on_mastodon":{"url":"","error":""},"_links":{"self":[{"href":"https:\/\/www.europesays.com\/pt\/wp-json\/wp\/v2\/posts\/51724","targetHints":{"allow":["GET"]}}],"collection":[{"href":"https:\/\/www.europesays.com\/pt\/wp-json\/wp\/v2\/posts"}],"about":[{"href":"https:\/\/www.europesays.com\/pt\/wp-json\/wp\/v2\/types\/post"}],"author":[{"embeddable":true,"href":"https:\/\/www.europesays.com\/pt\/wp-json\/wp\/v2\/users\/2"}],"replies":[{"embeddable":true,"href":"https:\/\/www.europesays.com\/pt\/wp-json\/wp\/v2\/comments?post=51724"}],"version-history":[{"count":0,"href":"https:\/\/www.europesays.com\/pt\/wp-json\/wp\/v2\/posts\/51724\/revisions"}],"wp:featuredmedia":[{"embeddable":true,"href":"https:\/\/www.europesays.com\/pt\/wp-json\/wp\/v2\/media\/51725"}],"wp:attachment":[{"href":"https:\/\/www.europesays.com\/pt\/wp-json\/wp\/v2\/media?parent=51724"}],"wp:term":[{"taxonomy":"category","embeddable":true,"href":"https:\/\/www.europesays.com\/pt\/wp-json\/wp\/v2\/categories?post=51724"},{"taxonomy":"post_tag","embeddable":true,"href":"https:\/\/www.europesays.com\/pt\/wp-json\/wp\/v2\/tags?post=51724"}],"curies":[{"name":"wp","href":"https:\/\/api.w.org\/{rel}","templated":true}]}}