{"id":51754,"date":"2025-08-30T17:46:08","date_gmt":"2025-08-30T17:46:08","guid":{"rendered":"https:\/\/www.europesays.com\/pt\/51754\/"},"modified":"2025-08-30T17:46:08","modified_gmt":"2025-08-30T17:46:08","slug":"estudo-aponta-que-composto-de-cha-popular-pode-proteger-contra-alzheimer","status":"publish","type":"post","link":"https:\/\/www.europesays.com\/pt\/51754\/","title":{"rendered":"Estudo aponta que composto de ch\u00e1 popular pode proteger contra Alzheimer"},"content":{"rendered":"<p class=\"my-5 break-words group-[.isActiveSource]:text-xl\">Um novo estudo identificou <strong class=\"group-[.isActiveSource]:text-xl group-[.isActiveSource]:font-bold\">dois compostos naturais que ajudam a proteger o c\u00e9rebro contra a doen\u00e7a de Alzheimer<\/strong>, melhorando a capacidade das c\u00e9lulas cerebrais de combater as prote\u00ednas prejudiciais associadas \u00e0 condi\u00e7\u00e3o.<\/p>\n<p class=\"my-5 break-words group-[.isActiveSource]:text-xl\">A combina\u00e7\u00e3o de<strong class=\"group-[.isActiveSource]:text-xl group-[.isActiveSource]:font-bold\"> nicotinamida<\/strong> (uma forma de <strong class=\"group-[.isActiveSource]:text-xl group-[.isActiveSource]:font-bold\">vitamina B3<\/strong>) e galato de <strong class=\"group-[.isActiveSource]:text-xl group-[.isActiveSource]:font-bold\">epigalocatequina<\/strong> (um antioxidante presente no <strong class=\"group-[.isActiveSource]:text-xl group-[.isActiveSource]:font-bold\">ch\u00e1-verde<\/strong>) pode estabelecer os n\u00edveis de trifosfato de guanosina, uma mol\u00e9cula energ\u00e9tica essencial nas c\u00e9lulas cerebrais. Em testes, os neur\u00f4nios dispostos em uma placa conseguiram reverter danos causados pelo envelhecimento e aumentar a capacidade de eliminar agregados de prote\u00edna amiloide que s\u00e3o prejudiciais, uma caracter\u00edstica <a href=\"https:\/\/www.cnnbrasil.com.br\/saude\/mudancas-no-estilo-de-vida-podem-combater-alzheimer-inicial-veja-quais\/\" target=\"_blank\" rel=\"noopener noreferrer nofollow\" class=\"text-red-600 underline hover:text-red-500 font-medium break-words group-[.isActiveSource]:text-xl\">do Alzheimer<\/a>.<\/p>\n<p class=\"my-5 break-words group-[.isActiveSource]:text-xl\">O estudo, feito por pesquisadores da Universidade da Calif\u00f3rnia, foi publicado neste m\u00eas <a href=\"https:\/\/link.springer.com\/article\/10.1007\/s11357-025-01786-4\" target=\"_blank\" rel=\"noopener noreferrer nofollow\" class=\"text-red-600 underline hover:text-red-500 font-medium break-words group-[.isActiveSource]:text-xl\">na revista\u00a0GeroScience.\u00a0<\/a><\/p>\n<p class=\"my-5 break-words group-[.isActiveSource]:text-xl\">\u00a0<\/p>\n<p class=\"my-5 break-words group-[.isActiveSource]:text-xl\">\u00a0<\/p>\n<p class=\"my-5 break-words group-[.isActiveSource]:text-xl\">\u201c\u00c0 medida que as pessoas envelhecem, seus c\u00e9rebros apresentam um decl\u00ednio nos n\u00edveis de energia neuronal, o que limita a capacidade de remover prote\u00ednas indesejadas e componentes danificados\u201d, disse o autor principal, Gregory Brewer, em declara\u00e7\u00e3o \u00e0 Universidade. \u201cDescobrimos que restaurar os n\u00edveis de energia ajuda os neur\u00f4nios a recuperar essa fun\u00e7\u00e3o cr\u00edtica de limpeza.\u201d<\/p>\n<p class=\"my-5 break-words group-[.isActiveSource]:text-xl\">Segundo Brewer, essa descoberta abre a possibilidade para novos tratamentos com bases naturais contra o Alzheimer.<\/p>\n<p class=\"my-5 break-words group-[.isActiveSource]:text-xl\">\u201cAo suplementar os sistemas energ\u00e9ticos do c\u00e9rebro com compostos j\u00e1 dispon\u00edveis como suplementos alimentares, podemos abrir um novo caminho para o tratamento do decl\u00ednio cognitivo relacionado \u00e0 idade e da <a href=\"https:\/\/www.cnnbrasil.com.br\/saude\/preocupado-com-o-alzheimer-comece-a-caminhar-sugere-novo-estudo\/\" target=\"_blank\" rel=\"noopener noreferrer nofollow\" class=\"text-red-600 underline hover:text-red-500 font-medium break-words group-[.isActiveSource]:text-xl\">doen\u00e7a de Alzheimer<\/a>\u201d, disse ele.<\/p>\n<p class=\"my-5 break-words group-[.isActiveSource]:text-xl\">Brewer ainda destacou que mais estudos s\u00e3o necess\u00e1rios para descobrir a viabilidade destes tratamentos na pr\u00e1tica. Como os testes foram feitos apenas nos neur\u00f4nios em placa, e n\u00e3o em pessoas, ainda n\u00e3o \u00e9 poss\u00edvel afirmar que a ingest\u00e3o oral desses compostos teria efeito ben\u00e9fico contra o Alzheimer.<\/p>\n","protected":false},"excerpt":{"rendered":"Um novo estudo identificou dois compostos naturais que ajudam a proteger o c\u00e9rebro contra a doen\u00e7a de Alzheimer,&hellip;\n","protected":false},"author":2,"featured_media":51755,"comment_status":"","ping_status":"","sticky":false,"template":"","format":"standard","meta":{"footnotes":""},"categories":[86],"tags":[116,32,33,117],"class_list":{"0":"post-51754","1":"post","2":"type-post","3":"status-publish","4":"format-standard","5":"has-post-thumbnail","7":"category-saude","8":"tag-health","9":"tag-portugal","10":"tag-pt","11":"tag-saude"},"share_on_mastodon":{"url":"","error":""},"_links":{"self":[{"href":"https:\/\/www.europesays.com\/pt\/wp-json\/wp\/v2\/posts\/51754","targetHints":{"allow":["GET"]}}],"collection":[{"href":"https:\/\/www.europesays.com\/pt\/wp-json\/wp\/v2\/posts"}],"about":[{"href":"https:\/\/www.europesays.com\/pt\/wp-json\/wp\/v2\/types\/post"}],"author":[{"embeddable":true,"href":"https:\/\/www.europesays.com\/pt\/wp-json\/wp\/v2\/users\/2"}],"replies":[{"embeddable":true,"href":"https:\/\/www.europesays.com\/pt\/wp-json\/wp\/v2\/comments?post=51754"}],"version-history":[{"count":0,"href":"https:\/\/www.europesays.com\/pt\/wp-json\/wp\/v2\/posts\/51754\/revisions"}],"wp:featuredmedia":[{"embeddable":true,"href":"https:\/\/www.europesays.com\/pt\/wp-json\/wp\/v2\/media\/51755"}],"wp:attachment":[{"href":"https:\/\/www.europesays.com\/pt\/wp-json\/wp\/v2\/media?parent=51754"}],"wp:term":[{"taxonomy":"category","embeddable":true,"href":"https:\/\/www.europesays.com\/pt\/wp-json\/wp\/v2\/categories?post=51754"},{"taxonomy":"post_tag","embeddable":true,"href":"https:\/\/www.europesays.com\/pt\/wp-json\/wp\/v2\/tags?post=51754"}],"curies":[{"name":"wp","href":"https:\/\/api.w.org\/{rel}","templated":true}]}}