{"id":51762,"date":"2025-08-30T17:56:35","date_gmt":"2025-08-30T17:56:35","guid":{"rendered":"https:\/\/www.europesays.com\/pt\/51762\/"},"modified":"2025-08-30T17:56:35","modified_gmt":"2025-08-30T17:56:35","slug":"despiste-a-saida-de-elvas-provoca-dois-feridos","status":"publish","type":"post","link":"https:\/\/www.europesays.com\/pt\/51762\/","title":{"rendered":"Despiste \u00e0 sa\u00edda de Elvas provoca dois feridos"},"content":{"rendered":"<p>O despiste de um autom\u00f3vel na Estrada Nacional 373, em Elvas, provocou, na manh\u00e3 de s\u00e1bado, dia 30 de Agosto, dois feridos.<\/p>\n<p>O acidente ocorreu ao quil\u00f3metro 32, \u00e0 sa\u00edda de Elvas em direc\u00e7\u00e3o a Juromenha, tendo a viatura ainda embatido numa \u00e1rvore.<\/p>\n<p>De acordo com o Comando Sub-Regional de Emerg\u00eancia e Protec\u00e7\u00e3o Civil do Alto Alentejo, as v\u00edtimas, duas senhoras de 48 e 89 anos, sofreram ferimentos considerados ligeiros e foram transportadas para o Hospital de Santa Luzia.<\/p>\n<p>As opera\u00e7\u00f5es de socorro envolveram meios dos Bombeiros Volunt\u00e1rios de Elvas e da GNR, num total de nove elementos e quatro ve\u00edculos.<\/p>\n<p><img loading=\"lazy\" decoding=\"async\" width=\"780\" height=\"520\" src=\"https:\/\/www.europesays.com\/pt\/wp-content\/uploads\/2025\/08\/Despiste_Estrada_Nacional_373_Elvas_Juromenha-2.jpg\" alt=\"\" class=\"wp-image-120397\"  \/><\/p>\n<p><img loading=\"lazy\" decoding=\"async\" width=\"1024\" height=\"485\" src=\"https:\/\/www.europesays.com\/pt\/wp-content\/uploads\/2025\/07\/Quadro_Assinaturas-1024x485.jpg\" alt=\"\" class=\"wp-image-87724\"  \/><\/p>\n","protected":false},"excerpt":{"rendered":"O despiste de um autom\u00f3vel na Estrada Nacional 373, em Elvas, provocou, na manh\u00e3 de s\u00e1bado, dia 30&hellip;\n","protected":false},"author":2,"featured_media":51763,"comment_status":"","ping_status":"","sticky":false,"template":"","format":"standard","meta":{"footnotes":""},"categories":[10],"tags":[59,15078,27,28,55,3074,15079,15,16,2237,2002,14,25,26,21,22,12,13,19,20,32,23,24,2376,33,17,18,29,30,31],"class_list":{"0":"post-51762","1":"post","2":"type-post","3":"status-publish","4":"format-standard","5":"has-post-thumbnail","7":"category-portugal","8":"tag-acidente","9":"tag-bombeiros-voluntarios-de-elvas","10":"tag-breaking-news","11":"tag-breakingnews","12":"tag-despiste","13":"tag-elvas","14":"tag-en373","15":"tag-featured-news","16":"tag-featurednews","17":"tag-feridos","18":"tag-gnr","19":"tag-headlines","20":"tag-latest-news","21":"tag-latestnews","22":"tag-main-news","23":"tag-mainnews","24":"tag-news","25":"tag-noticias","26":"tag-noticias-principais","27":"tag-noticiasprincipais","28":"tag-portugal","29":"tag-principais-noticias","30":"tag-principaisnoticias","31":"tag-proteccao-civil","32":"tag-pt","33":"tag-top-stories","34":"tag-topstories","35":"tag-ultimas","36":"tag-ultimas-noticias","37":"tag-ultimasnoticias"},"share_on_mastodon":{"url":"","error":""},"_links":{"self":[{"href":"https:\/\/www.europesays.com\/pt\/wp-json\/wp\/v2\/posts\/51762","targetHints":{"allow":["GET"]}}],"collection":[{"href":"https:\/\/www.europesays.com\/pt\/wp-json\/wp\/v2\/posts"}],"about":[{"href":"https:\/\/www.europesays.com\/pt\/wp-json\/wp\/v2\/types\/post"}],"author":[{"embeddable":true,"href":"https:\/\/www.europesays.com\/pt\/wp-json\/wp\/v2\/users\/2"}],"replies":[{"embeddable":true,"href":"https:\/\/www.europesays.com\/pt\/wp-json\/wp\/v2\/comments?post=51762"}],"version-history":[{"count":0,"href":"https:\/\/www.europesays.com\/pt\/wp-json\/wp\/v2\/posts\/51762\/revisions"}],"wp:featuredmedia":[{"embeddable":true,"href":"https:\/\/www.europesays.com\/pt\/wp-json\/wp\/v2\/media\/51763"}],"wp:attachment":[{"href":"https:\/\/www.europesays.com\/pt\/wp-json\/wp\/v2\/media?parent=51762"}],"wp:term":[{"taxonomy":"category","embeddable":true,"href":"https:\/\/www.europesays.com\/pt\/wp-json\/wp\/v2\/categories?post=51762"},{"taxonomy":"post_tag","embeddable":true,"href":"https:\/\/www.europesays.com\/pt\/wp-json\/wp\/v2\/tags?post=51762"}],"curies":[{"name":"wp","href":"https:\/\/api.w.org\/{rel}","templated":true}]}}