{"id":51770,"date":"2025-08-30T18:10:09","date_gmt":"2025-08-30T18:10:09","guid":{"rendered":"https:\/\/www.europesays.com\/pt\/51770\/"},"modified":"2025-08-30T18:10:09","modified_gmt":"2025-08-30T18:10:09","slug":"gatos-com-demencia-podem-ajudar-a-desvendar-misterios-sobre-o-alzheimer-diz-estudo-noticias-r7","status":"publish","type":"post","link":"https:\/\/www.europesays.com\/pt\/51770\/","title":{"rendered":"Gatos com dem\u00eancia podem ajudar a desvendar mist\u00e9rios sobre o Alzheimer, diz estudo \u2013 Noticias R7"},"content":{"rendered":"<p>Pesquisa aponta que felinos mais velhos acumulam placas no c\u00e9rebro semelhantes \u00e0s vistas em humanos com a doen\u00e7a; entenda<\/p>\n<p class=\"article-text-xxxs article-text-neutral-low-500 dark:article-text-neutral-high-400\"><a href=\"https:\/\/noticias.r7.com\/internacional\" title=\"Internacional\" class=\"article-editorial-text article-font-semibold article-uppercase dark:!article-text-neutral-high-400\" rel=\"nofollow noopener\" target=\"_blank\">Internacional<\/a>|Do R7<\/p>\n<p class=\"article-uppercase article-text-little article-text-age-rating-18anos-500 dark:article-text-neutral-high-400\">30\/08\/2025 &#8211; 14h59 (Atualizado em 30\/08\/2025 &#8211; 14h59)<\/p>\n<p>LEIA AQUI O RESUMO DA NOT\u00cdCIA<\/p>\n<ul class=\"b-article-body-custom-embed-brief-news__list\" style=\"margin: 0; padding-left: 20px; list-style-type: disc;\">\n<li>Gatos idosos podem desenvolver sintomas de dem\u00eancia, semelhantes aos humanos com Alzheimer.<\/li>\n<li>Estudo revelou ac\u00famulo de placas de beta-amiloide no c\u00e9rebro de felinos idosos.<\/li>\n<li>C\u00e9lulas de defesa no c\u00e9rebro dos gatos estavam hiperativas, atacando sinapses saud\u00e1veis.<\/li>\n<li>Pesquisadores pretendem aprofundar estudos para identificar marcadores do Alzheimer em gatos.<\/li>\n<\/ul>\n<p style=\"font-size: 0.8em; font-style: italic; text-align: right; margin-top: 15px; padding-bottom: 5px; margin-bottom: 0;\">Produzido pela Ri7a &#8211; a Intelig\u00eancia Artificial do R7<\/p>\n<p><img decoding=\"async\" data-chromatic=\"ignore\" alt=\"\" class=\"c-image\" loading=\"lazy\" src=\"https:\/\/www.europesays.com\/pt\/wp-content\/uploads\/2025\/08\/IBSH6CLH7JD3HHTKCJ355E445I.jpg\"  width=\"1280\" height=\"853\"\/>Gatos com dem\u00eancia podem ajudar a desvendar segredos do Alzheimer, diz estudo Pixabay <\/p>\n<p class=\"dark:base-text-neutral-high-400 base-text-[calc(theme(fontSize.xs)_*_var(--font-size,_1))] base-font-normal base-font-primary base-text-neutral-low-500 base-text-left\">Assim como acontece com pessoas que sofrem de Alzheimer, gatos idosos tamb\u00e9m podem desenvolver <a href=\"https:\/\/noticias.r7.com\/saude\/por-que-morar-em-bairros-vulneraveis-aumenta-o-risco-de-demencia-25052025\/\" target=\"_self\" rel=\"nofollow noopener\" title=\"https:\/\/noticias.r7.com\/saude\/por-que-morar-em-bairros-vulneraveis-aumenta-o-risco-de-demencia-25052025\/\"><b>sintomas de dem\u00eancia<\/b><\/a>. Um novo estudo revelou que felinos mais velhos acumulam placas da prote\u00edna beta-amiloide no c\u00e9rebro, uma altera\u00e7\u00e3o associada \u00e0 doen\u00e7a em humanos, o que pode ajudar a ci\u00eancia a compreender melhor tanto o envelhecimento animal quanto os mecanismos do <a href=\"https:\/\/www.r7.com\/tudo-sobre\/alzheimer\/\" target=\"_self\" rel=\"nofollow noopener\" title=\"https:\/\/www.r7.com\/tudo-sobre\/alzheimer\/\"><b>Alzheimer<\/b><\/a>.<\/p>\n<p class=\"dark:base-text-neutral-high-400 base-text-[calc(theme(fontSize.xs)_*_var(--font-size,_1))] base-font-normal base-font-primary base-text-neutral-low-500 base-text-left\">Conforme envelhecem, gatos podem miar mais que o normal \u00e0 noite, apresentar dist\u00farbios de sono e sinais de confus\u00e3o ou desorienta\u00e7\u00e3o. Pesquisadores descobriram que essas mudan\u00e7as de comportamento podem estar ligadas ao ac\u00famulo de placas de beta-amiloide, que desencadeiam uma rea\u00e7\u00e3o em cadeia no c\u00e9rebro, ativando c\u00e9lulas de defesa que acabam prejudicando as conex\u00f5es entre neur\u00f4nios.<\/p>\n<p class=\"dark:base-text-neutral-high-400 base-text-[calc(theme(fontSize.xs)_*_var(--font-size,_1))] base-font-normal base-font-primary base-text-neutral-low-500 base-text-left\">O trabalho, publicado no European Journal of Neuroscience, analisou c\u00e9rebros de 25 gatos, sendo sete jovens e 18 idosos, incluindo oito com sintomas de dem\u00eancia. Usando marcadores fluorescentes, a equipe constatou que os felinos mais velhos, com ou sem sinais cl\u00ednicos, tinham mais dep\u00f3sitos da prote\u00edna que os jovens. Essas placas se concentravam justamente nas sinapses, pontos de contato entre os neur\u00f4nios.<\/p>\n<p class=\"dark:base-text-neutral-high-400 base-text-[calc(theme(fontSize.xs)_*_var(--font-size,_1))] base-font-normal base-font-primary base-text-neutral-low-500 base-text-left\">Al\u00e9m disso, c\u00e9lulas como as microglias, respons\u00e1veis por regular a inflama\u00e7\u00e3o, e os astr\u00f3citos, que mant\u00eam o equil\u00edbrio do c\u00e9rebro, estavam hiperativas nos animais mais velhos. Essas c\u00e9lulas se acumulavam em torno das placas, mas tamb\u00e9m atacavam sinapses saud\u00e1veis \u2014 um fen\u00f4meno parecido com o que ocorre em c\u00e9rebros humanos com Alzheimer.<\/p>\n<p><video controls=\"\" class=\"video-js\" preload=\"metadata\" poster=\"https:\/\/d22yf0mxeu0gma.cloudfront.net\/07-28-2025\/t_231401f731f240e38435f40de21c2cbf_name_file_960x540_1600_v4_.jpg\" title=\"Boa Not&#xED;cia: Estudo da USP pode ajudar na detec&#xE7;&#xE3;o precoce do Alzheimer pela saliva\" data-sprite-url=\"\" data-metadata=\"{&quot;title&quot;:&quot;Boa Not&#xED;cia: Estudo da USP pode ajudar na detec&#xE7;&#xE3;o precoce do Alzheimer pela saliva&quot;,&quot;sectionName&quot;:&quot;R7&quot;,&quot;mainSection&quot;:&quot;Internacional&quot;,&quot;subSection&quot;:&quot;&quot;,&quot;views&quot;:&quot;&quot;,&quot;disableAdv&quot;:&quot;false&quot;,&quot;createdDate&quot;:&quot;2025-07-28T13:01:13Z&quot;,&quot;mainSectionUrl&quot;:&quot;https:\/\/record.r7.com\/fala-brasil\/video\/boa-noticia-estudo-da-usp-pode-ajudar-na-deteccao-precoce-do-alzheimer-pela-saliva-28072025\/&quot;,&quot;sectionPath&quot;:&quot;https:\/\/record.r7.com\/fala-brasil&quot;,&quot;ageRating&quot;:&quot;&quot;,&quot;ageRatingDescription&quot;:&quot;&quot;,&quot;duration&quot;:222997,&quot;playerUrl&quot;:&quot;https:\/\/record.r7.com\/player\/95447657-0888-427a-93d7-065a253728c2\/&quot;}\" data-player-params=\"{&quot;p&quot;:&quot;true&quot;,&quot;autoPlay&quot;:&quot;false&quot;,&quot;logo&quot;:&quot;true&quot;,&quot;playlistId&quot;:&quot;false&quot;,&quot;calhau&quot;:&quot;false&quot;,&quot;share&quot;:&quot;true&quot;,&quot;sz&quot;:&quot;false&quot;,&quot;full&quot;:&quot;true&quot;,&quot;customAdHash&quot;:&quot;\/7542\/r7noticias\/internacional&quot;,&quot;referrerUrl&quot;:&quot;&quot;,&quot;externalLinks&quot;:&quot;true&quot;,&quot;debug&quot;:&quot;false&quot;,&quot;debugHash&quot;:&quot;false&quot;,&quot;debugRelated&quot;:&quot;false&quot;,&quot;timerRelated&quot;:&quot;true&quot;,&quot;logoRecord&quot;:&quot;false&quot;,&quot;contextModal&quot;:&quot;false&quot;,&quot;parentUrl&quot;:&quot;https:\/\/record.r7.com\/&quot;,&quot;t&quot;:&quot;0&quot;,&quot;noTitle&quot;:false,&quot;endBehavior&quot;:&quot;default&quot;}\" data-related-videos=\"[{&quot;title&quot;:&quot;Brasileiros relatam experi&#xEA;ncias de compara&#xE7;&#xE3;o entre a realidade e a da fic&#xE7;&#xE3;o sul-coreana&quot;,&quot;thumb&quot;:&quot;https:\/\/d22yf0mxeu0gma.cloudfront.net\/08-30-2025\/t_44597dd3993540b58cdcb54d108c59ee_name_file_960x540_1600_v4_.jpg&quot;,&quot;url&quot;:&quot;https:\/\/record.r7.com\/love-school-escola-amor\/video\/brasileiros-relatam-experiencias-de-comparacao-entre-a-realidade-e-a-da-ficcao-sul-coreana-30082025\/&quot;,&quot;embedUrl&quot;:&quot;https:\/\/record.r7.com\/player\/82d219db-7f8f-44fc-84b8-8ec293f44165\/&quot;},{&quot;title&quot;:&quot;Restaurante oferece R$ 1000 para quem conseguir comer tr&#xEA;s pamonhas gigantes de 1 kg&quot;,&quot;thumb&quot;:&quot;https:\/\/d22yf0mxeu0gma.cloudfront.net\/08-30-2025\/t_6ce97ec4487742e98995f68ab1c84ac0_name_file_960x540_1600_v4_.jpg&quot;,&quot;url&quot;:&quot;https:\/\/record.r7.com\/fala-brasil\/video\/restaurante-oferece-r-1000-para-quem-conseguir-comer-tres-pamonhas-gigantes-de-1-kg-30082025\/&quot;,&quot;embedUrl&quot;:&quot;https:\/\/record.r7.com\/player\/8bbfa5a6-f604-4e6f-877d-093005b72178\/&quot;},{&quot;title&quot;:&quot;Seguran&#xE7;a de mercado que matou cliente ap&#xF3;s discuss&#xE3;o &#xE9; preso em Santo Andr&#xE9; (SP)&quot;,&quot;thumb&quot;:&quot;https:\/\/d22yf0mxeu0gma.cloudfront.net\/08-30-2025\/t_2b4534fb5cea48329b1256afc01b3e55_name_file_960x540_1600_v4_.jpg&quot;,&quot;url&quot;:&quot;https:\/\/record.r7.com\/fala-brasil\/video\/seguranca-de-mercado-que-matou-cliente-apos-discussao-e-preso-em-santo-andre-sp-30082025\/&quot;,&quot;embedUrl&quot;:&quot;https:\/\/record.r7.com\/player\/65e9077f-1236-49da-ab64-ac2c05520aad\/&quot;}]\" data-player-url=\"https:\/\/record.r7.com\/player\/95447657-0888-427a-93d7-065a253728c2\/\" data-arc-video=\"\" data-arc-id=\"95447657-0888-427a-93d7-065a253728c2\" data-short=\"false\" style=\"visibility:hidden\"><\/video><\/p>\n<p class=\"dark:base-text-neutral-high-400 base-text-[calc(theme(fontSize.xs)_*_var(--font-size,_1))] base-font-normal base-font-primary base-text-neutral-low-500 base-text-left\">Segundo especialistas, a semelhan\u00e7a entre os c\u00e9rebros de gatos e humanos pode transformar os felinos em modelos promissores para estudo da doen\u00e7a. Ao contr\u00e1rio dos ratos usados em laborat\u00f3rio, que precisam ser geneticamente modificados para desenvolver Alzheimer, os gatos apresentam a condi\u00e7\u00e3o de forma espont\u00e2nea com o avan\u00e7o da idade.<\/p>\n<p class=\"dark:base-text-neutral-high-400 base-text-[calc(theme(fontSize.xs)_*_var(--font-size,_1))] base-font-normal base-font-primary base-text-neutral-low-500 base-text-left\">Os pesquisadores de Edimburgo, respons\u00e1veis pelo estudo, pretendem ampliar as an\u00e1lises para identificar outros marcadores do Alzheimer, como o ac\u00famulo da prote\u00edna tau. A expectativa \u00e9 que a compara\u00e7\u00e3o entre c\u00e9rebros de gatos com e sem sinais de dem\u00eancia ajude a tra\u00e7ar padr\u00f5es mais claros da progress\u00e3o da doen\u00e7a.<\/p>\n<p class=\"dark:base-text-neutral-high-400 base-text-[calc(theme(fontSize.xs)_*_var(--font-size,_1))] base-font-normal base-font-primary base-text-neutral-low-500 base-text-left\">Embora os gatos dificilmente substituam os ratos como modelo principal, os cientistas destacam que os felinos podem oferecer novas perspectivas para a ci\u00eancia e, de quebra, beneficiar tamb\u00e9m a sa\u00fade dos pr\u00f3prios animais.<\/p>\n<p>Perguntas e Respostas<\/p>\n<p>\u00a0<\/p>\n<p class=\"dark:base-text-neutral-high-400 base-text-[calc(theme(fontSize.xs)_*_var(--font-size,_1))] base-font-normal base-font-primary base-text-neutral-low-500 base-text-left\"><b>Quais s\u00e3o os principais achados do estudo sobre gatos idosos e dem\u00eancia?<\/b><\/p>\n<p>\u00a0<\/p>\n<p class=\"dark:base-text-neutral-high-400 base-text-[calc(theme(fontSize.xs)_*_var(--font-size,_1))] base-font-normal base-font-primary base-text-neutral-low-500 base-text-left\">O estudo revelou que gatos idosos acumulam placas da prote\u00edna beta-amiloide no c\u00e9rebro, semelhante ao que ocorre em humanos com Alzheimer. Isso pode ajudar a entender melhor o envelhecimento animal e os mecanismos do Alzheimer.<\/p>\n<p>\u00a0<\/p>\n<p class=\"dark:base-text-neutral-high-400 base-text-[calc(theme(fontSize.xs)_*_var(--font-size,_1))] base-font-normal base-font-primary base-text-neutral-low-500 base-text-left\"><b>Quais sintomas de dem\u00eancia podem ser observados em gatos idosos?<\/b><\/p>\n<p>\u00a0<\/p>\n<p class=\"dark:base-text-neutral-high-400 base-text-[calc(theme(fontSize.xs)_*_var(--font-size,_1))] base-font-normal base-font-primary base-text-neutral-low-500 base-text-left\">Gatos idosos podem miar mais \u00e0 noite, ter dist\u00farbios de sono e apresentar confus\u00e3o ou desorienta\u00e7\u00e3o. Essas mudan\u00e7as de comportamento est\u00e3o ligadas ao ac\u00famulo de placas de beta-amiloide no c\u00e9rebro.<\/p>\n<p>\u00a0<\/p>\n<p class=\"dark:base-text-neutral-high-400 base-text-[calc(theme(fontSize.xs)_*_var(--font-size,_1))] base-font-normal base-font-primary base-text-neutral-low-500 base-text-left\"><b>Como foi conduzido o estudo sobre os c\u00e9rebros dos gatos?<\/b><\/p>\n<p>\u00a0<\/p>\n<p class=\"dark:base-text-neutral-high-400 base-text-[calc(theme(fontSize.xs)_*_var(--font-size,_1))] base-font-normal base-font-primary base-text-neutral-low-500 base-text-left\">O estudo analisou c\u00e9rebros de 25 gatos, sendo sete jovens e 18 idosos, incluindo oito com sintomas de dem\u00eancia. Usando marcadores fluorescentes, os pesquisadores encontraram mais dep\u00f3sitos da prote\u00edna beta-amiloide nos gatos mais velhos, que se concentravam nas sinapses.<\/p>\n<p>\u00a0<\/p>\n<p class=\"dark:base-text-neutral-high-400 base-text-[calc(theme(fontSize.xs)_*_var(--font-size,_1))] base-font-normal base-font-primary base-text-neutral-low-500 base-text-left\"><b>O que os pesquisadores observaram sobre as c\u00e9lulas do c\u00e9rebro dos gatos idosos?<\/b><\/p>\n<p>\u00a0<\/p>\n<p class=\"dark:base-text-neutral-high-400 base-text-[calc(theme(fontSize.xs)_*_var(--font-size,_1))] base-font-normal base-font-primary base-text-neutral-low-500 base-text-left\">Os pesquisadores notaram que c\u00e9lulas como microglias e astr\u00f3citos estavam hiperativas nos gatos mais velhos. Essas c\u00e9lulas se acumulavam em torno das placas e atacavam sinapses saud\u00e1veis, semelhante ao que ocorre em c\u00e9rebros humanos com Alzheimer.<\/p>\n<p>\u00a0<\/p>\n<p class=\"dark:base-text-neutral-high-400 base-text-[calc(theme(fontSize.xs)_*_var(--font-size,_1))] base-font-normal base-font-primary base-text-neutral-low-500 base-text-left\"><b>Por que os gatos podem ser considerados modelos promissores para o estudo do Alzheimer?<\/b><\/p>\n<p>\u00a0<\/p>\n<p class=\"dark:base-text-neutral-high-400 base-text-[calc(theme(fontSize.xs)_*_var(--font-size,_1))] base-font-normal base-font-primary base-text-neutral-low-500 base-text-left\">A semelhan\u00e7a entre os c\u00e9rebros de gatos e humanos pode tornar os felinos modelos promissores para o estudo da doen\u00e7a, pois, ao contr\u00e1rio dos ratos, os gatos desenvolvem a condi\u00e7\u00e3o espontaneamente com o avan\u00e7o da idade.<\/p>\n<p>\u00a0<\/p>\n<p class=\"dark:base-text-neutral-high-400 base-text-[calc(theme(fontSize.xs)_*_var(--font-size,_1))] base-font-normal base-font-primary base-text-neutral-low-500 base-text-left\"><b>Quais s\u00e3o os pr\u00f3ximos passos dos pesquisadores em rela\u00e7\u00e3o a este estudo?<\/b><\/p>\n<p>\u00a0<\/p>\n<p class=\"dark:base-text-neutral-high-400 base-text-[calc(theme(fontSize.xs)_*_var(--font-size,_1))] base-font-normal base-font-primary base-text-neutral-low-500 base-text-left\">Os pesquisadores de Edimburgo pretendem ampliar as an\u00e1lises para identificar outros marcadores do Alzheimer, como o ac\u00famulo da prote\u00edna tau, e comparar c\u00e9rebros de gatos com e sem sinais de dem\u00eancia para tra\u00e7ar padr\u00f5es mais claros da progress\u00e3o da doen\u00e7a.<\/p>\n<p>\u00a0<\/p>\n<p class=\"dark:base-text-neutral-high-400 base-text-[calc(theme(fontSize.xs)_*_var(--font-size,_1))] base-font-normal base-font-primary base-text-neutral-low-500 base-text-left\"><b>Os gatos podem substituir os ratos como modelo de estudo do Alzheimer?<\/b><\/p>\n<p>\u00a0<\/p>\n<p class=\"dark:base-text-neutral-high-400 base-text-[calc(theme(fontSize.xs)_*_var(--font-size,_1))] base-font-normal base-font-primary base-text-neutral-low-500 base-text-left\">Embora os gatos dificilmente substituam os ratos como modelo principal, os cientistas acreditam que os felinos podem oferecer novas perspectivas para a ci\u00eancia e beneficiar a sa\u00fade dos pr\u00f3prios animais.<\/p>\n<p>\u00a0<\/p>\n","protected":false},"excerpt":{"rendered":"Pesquisa aponta que felinos mais velhos acumulam placas no c\u00e9rebro semelhantes \u00e0s vistas em humanos com a doen\u00e7a;&hellip;\n","protected":false},"author":2,"featured_media":51771,"comment_status":"","ping_status":"","sticky":false,"template":"","format":"standard","meta":{"footnotes":""},"categories":[86],"tags":[314,1353,116,3385,32,33,117],"class_list":{"0":"post-51770","1":"post","2":"type-post","3":"status-publish","4":"format-standard","5":"has-post-thumbnail","7":"category-saude","8":"tag-alzheimer","9":"tag-animais","10":"tag-health","11":"tag-idosos","12":"tag-portugal","13":"tag-pt","14":"tag-saude"},"share_on_mastodon":{"url":"","error":""},"_links":{"self":[{"href":"https:\/\/www.europesays.com\/pt\/wp-json\/wp\/v2\/posts\/51770","targetHints":{"allow":["GET"]}}],"collection":[{"href":"https:\/\/www.europesays.com\/pt\/wp-json\/wp\/v2\/posts"}],"about":[{"href":"https:\/\/www.europesays.com\/pt\/wp-json\/wp\/v2\/types\/post"}],"author":[{"embeddable":true,"href":"https:\/\/www.europesays.com\/pt\/wp-json\/wp\/v2\/users\/2"}],"replies":[{"embeddable":true,"href":"https:\/\/www.europesays.com\/pt\/wp-json\/wp\/v2\/comments?post=51770"}],"version-history":[{"count":0,"href":"https:\/\/www.europesays.com\/pt\/wp-json\/wp\/v2\/posts\/51770\/revisions"}],"wp:featuredmedia":[{"embeddable":true,"href":"https:\/\/www.europesays.com\/pt\/wp-json\/wp\/v2\/media\/51771"}],"wp:attachment":[{"href":"https:\/\/www.europesays.com\/pt\/wp-json\/wp\/v2\/media?parent=51770"}],"wp:term":[{"taxonomy":"category","embeddable":true,"href":"https:\/\/www.europesays.com\/pt\/wp-json\/wp\/v2\/categories?post=51770"},{"taxonomy":"post_tag","embeddable":true,"href":"https:\/\/www.europesays.com\/pt\/wp-json\/wp\/v2\/tags?post=51770"}],"curies":[{"name":"wp","href":"https:\/\/api.w.org\/{rel}","templated":true}]}}