{"id":51781,"date":"2025-08-30T18:18:37","date_gmt":"2025-08-30T18:18:37","guid":{"rendered":"https:\/\/www.europesays.com\/pt\/51781\/"},"modified":"2025-08-30T18:18:37","modified_gmt":"2025-08-30T18:18:37","slug":"bronca-comprou-casa-fez-obras-decorou-mas-esta-impedido-de-viver-la","status":"publish","type":"post","link":"https:\/\/www.europesays.com\/pt\/51781\/","title":{"rendered":"Bronca! Comprou casa, fez obras, decorou&#8230; mas est\u00e1 impedido de viver l\u00e1!"},"content":{"rendered":"<p class=\"title\"><strong>Z\u00e9 Lopes<\/strong> comprou casa, fez-lhe as obras, decorou ao seu gosto\u2026 mas est\u00e1 impedido de viver no im\u00f3vel. O sonho virou um verdadeiro desgosto.<\/p>\n<p>Em declara\u00e7\u00f5es \u00e0<b> TVGuia<\/b>, atirou:<b> \u201cFoi um choque quando me apercebi. <\/b>Tudo por causa da burocracia. Ou seja tenho a casa pronta, tenho a escritura mas n\u00e3o tenho o mais importante que \u00e9 a licen\u00e7a de habita\u00e7\u00e3o\u201d. E desabafa:\u00a0\u201cEste era e \u00e9 o meu maior sonho, ter a minha casa, o meu espa\u00e7o, comprado por mim. Mas para j\u00e1 n\u00e3o posso l\u00e1 viver nem avan\u00e7ar com mais nada\u201d, diz.<\/p>\n<p>\u201cA licen\u00e7a n\u00e3o avan\u00e7a\u2026\u201d<\/p>\n<p>E continua: \u201c<b>Era o meu sonho desde que comecei a trabalhar<\/b>, ainda para mais tenho apenas 27 anos. Os meus pais j\u00e1 viram o espa\u00e7o, como vai ser, a decora\u00e7\u00e3o que gostaram porque sabem que \u00e9 a meu gosto, tudo\u2026 mas eu vou aguardando at\u00e9 ter o papel final para poder mudar-me e viver l\u00e1\u201d. Por fim, remata: <b>\u201cespero que seja r\u00e1pido porque n\u00e3o contava de todo com esta burocracia\u201d<\/b><\/p>\n<p>Texto: Maria Constan\u00e7a Castanheira; Fotos: Redes Sociais<\/p>\n<blockquote class=\"wp-embedded-content\" data-secret=\"kSL7a4sMYp\">\n<p><a href=\"https:\/\/www.vip.pt\/ze-lopes-perde-70-quilos-e-criticado-e-pronuncia-se-eu-so-estou-a\" rel=\"nofollow noopener\" target=\"_blank\">Perde 70 quilos \u00e9 criticado e pronuncia-se: \u201cEu s\u00f3 estou a \u2026\u201d<\/a><\/p>\n<\/blockquote>\n","protected":false},"excerpt":{"rendered":"Z\u00e9 Lopes comprou casa, fez-lhe as obras, decorou ao seu gosto\u2026 mas est\u00e1 impedido de viver no im\u00f3vel.&hellip;\n","protected":false},"author":2,"featured_media":51782,"comment_status":"","ping_status":"","sticky":false,"template":"","format":"standard","meta":{"footnotes":""},"categories":[145],"tags":[211,210,114,115,32,33],"class_list":{"0":"post-51781","1":"post","2":"type-post","3":"status-publish","4":"format-standard","5":"has-post-thumbnail","7":"category-celebridades","8":"tag-celebridades","9":"tag-celebrities","10":"tag-entertainment","11":"tag-entretenimento","12":"tag-portugal","13":"tag-pt"},"share_on_mastodon":{"url":"","error":""},"_links":{"self":[{"href":"https:\/\/www.europesays.com\/pt\/wp-json\/wp\/v2\/posts\/51781","targetHints":{"allow":["GET"]}}],"collection":[{"href":"https:\/\/www.europesays.com\/pt\/wp-json\/wp\/v2\/posts"}],"about":[{"href":"https:\/\/www.europesays.com\/pt\/wp-json\/wp\/v2\/types\/post"}],"author":[{"embeddable":true,"href":"https:\/\/www.europesays.com\/pt\/wp-json\/wp\/v2\/users\/2"}],"replies":[{"embeddable":true,"href":"https:\/\/www.europesays.com\/pt\/wp-json\/wp\/v2\/comments?post=51781"}],"version-history":[{"count":0,"href":"https:\/\/www.europesays.com\/pt\/wp-json\/wp\/v2\/posts\/51781\/revisions"}],"wp:featuredmedia":[{"embeddable":true,"href":"https:\/\/www.europesays.com\/pt\/wp-json\/wp\/v2\/media\/51782"}],"wp:attachment":[{"href":"https:\/\/www.europesays.com\/pt\/wp-json\/wp\/v2\/media?parent=51781"}],"wp:term":[{"taxonomy":"category","embeddable":true,"href":"https:\/\/www.europesays.com\/pt\/wp-json\/wp\/v2\/categories?post=51781"},{"taxonomy":"post_tag","embeddable":true,"href":"https:\/\/www.europesays.com\/pt\/wp-json\/wp\/v2\/tags?post=51781"}],"curies":[{"name":"wp","href":"https:\/\/api.w.org\/{rel}","templated":true}]}}