{"id":51813,"date":"2025-08-30T18:50:24","date_gmt":"2025-08-30T18:50:24","guid":{"rendered":"https:\/\/www.europesays.com\/pt\/51813\/"},"modified":"2025-08-30T18:50:24","modified_gmt":"2025-08-30T18:50:24","slug":"cartao-postal-retorna-ao-remetente-nos-eua-apos-72-anos","status":"publish","type":"post","link":"https:\/\/www.europesays.com\/pt\/51813\/","title":{"rendered":"Cart\u00e3o-postal retorna ao remetente nos EUA ap\u00f3s 72 anos"},"content":{"rendered":"<p data-start=\"318\" data-end=\"838\">Enviar <a href=\"https:\/\/aventurasnahistoria.com.br\/noticias\/historia-hoje\/carta-revela-que-samuel-taylor-coleridge-cogitou-abandonar-a-escrita-aos-22-anos.phtml\" rel=\"nofollow noopener\" target=\"_blank\">cart\u00f5es-postais<\/a> de viagens j\u00e1 foi um costume comum em d\u00e9cadas passadas, mas, para <strong>Alan Ball<\/strong>, esse h\u00e1bito se transformou em uma inesperada viagem no tempo. Em 1953, durante uma passagem por Nova York a caminho de Porto Rico, o ent\u00e3o adolescente decidiu escrever um cart\u00e3o-postal aos pais, <strong>Frederic<\/strong> e <strong>Elizabeth Ball<\/strong>. O cart\u00e3o, no entanto, nunca chegou ao destino. Somente 72 anos depois, em agosto deste ano, a <a href=\"https:\/\/aventurasnahistoria.com.br\/noticias\/reportagem\/mensagem-secreta-carregada-por-um-pombo-durante-primeira-guerra-mundial.phtml\" rel=\"nofollow noopener\" target=\"_blank\">correspond\u00eancia<\/a> foi finalmente recuperada e entregue ao remetente, hoje um m\u00e9dico aposentado de 88 anos.<\/p>\n<p data-start=\"840\" data-end=\"1276\">O cart\u00e3o foi encontrado em uma ag\u00eancia dos correios de Ottawa, no estado de Illinois, estampado com um carimbo original de 1953 e trazendo a imagem do pr\u00e9dio das Na\u00e7\u00f5es Unidas em <a href=\"https:\/\/aventurasnahistoria.com.br\/noticias\/historia-hoje\/flatiron-faixada-de-iconico-predio-de-nova-york-sera-iluminada-pela-primeira-vez-na-historia.phtml\" rel=\"nofollow noopener\" target=\"_blank\">Nova York<\/a>. A descoberta despertou a curiosidade de <strong>Mark Thompson<\/strong>, chefe dos correios locais, que decidiu investigar a hist\u00f3ria. Com o apoio de genealogistas, foi poss\u00edvel localizar <strong>Ball<\/strong>, atualmente residente em Sandpoint, Idaho, ao lado da esposa, <strong>Jeanie<\/strong>.<\/p>\n<p> Cart\u00e3o Postal <\/p>\n<p data-start=\"1278\" data-end=\"1800\">Ao ver uma imagem digital do cart\u00e3o, <strong>Ball<\/strong> confirmou a autoria. \u201cCom certeza, \u00e9 minha sim\u201d, disse ao site Shaw Local, embora admita n\u00e3o se lembrar de ter visitado o pr\u00e9dio da <a href=\"https:\/\/aventurasnahistoria.com.br\/noticias\/historia-hoje\/onu-divulga-nova-lista-dos-paises-mais-felizes-do-mundo-confira.phtml\" rel=\"nofollow noopener\" target=\"_blank\">ONU<\/a> ou sequer de ter escrito o postal. O que ele recorda, contudo, \u00e9 do esfor\u00e7o para custear a viagem \u00e0 ilha caribenha.<\/p>\n<blockquote>\n<p data-start=\"1278\" data-end=\"1800\">Eu cortei grama por um bom tempo para conseguir comprar uma passagem de avi\u00e3o para Porto Rico, porque a irm\u00e3 da minha m\u00e3e, tia Mary, morava l\u00e1. Foi a primeira vez que sa\u00ed do pa\u00eds, e a experi\u00eancia foi maravilhosa\u201d, relembra.<\/p>\n<\/blockquote>\n<p data-start=\"1802\" data-end=\"2162\">Casos semelhantes j\u00e1 ocorreram em outras partes do mundo. Em 2022, um cart\u00e3o-postal foi entregue em Swansea, no Pa\u00eds de Gales, com impressionantes <a href=\"https:\/\/aventurasnahistoria.com.br\/noticias\/historia-hoje\/apos-121-anos-cartao-postal-finalmente-chega-em-seu-destino.phtml\" rel=\"nofollow noopener\" target=\"_blank\">121 anos de atraso<\/a>. Segundo o servi\u00e7o postal brit\u00e2nico Royal Mail, correspond\u00eancias antigas podem acabar reinseridas no sistema ap\u00f3s d\u00e9cadas extraviadas, resultando em entregas t\u00e3o surpreendentes quanto tardias.<\/p>\n<p data-start=\"1802\" data-end=\"2162\">*Conte\u00fado produzido com aux\u00edlio de IA.<\/p>\n","protected":false},"excerpt":{"rendered":"Enviar cart\u00f5es-postais de viagens j\u00e1 foi um costume comum em d\u00e9cadas passadas, mas, para Alan Ball, esse h\u00e1bito&hellip;\n","protected":false},"author":2,"featured_media":51814,"comment_status":"","ping_status":"","sticky":false,"template":"","format":"standard","meta":{"footnotes":""},"categories":[50],"tags":[27,28,10415,15087,15088,235,15,16,14,10162,25,26,21,22,62,12,13,19,20,23,24,17,18,29,30,31,63,64,65],"class_list":{"0":"post-51813","1":"post","2":"type-post","3":"status-publish","4":"format-standard","5":"has-post-thumbnail","7":"category-mundo","8":"tag-breaking-news","9":"tag-breakingnews","10":"tag-carta","11":"tag-cartao-postal","12":"tag-correspondencia","13":"tag-estados-unidos","14":"tag-featured-news","15":"tag-featurednews","16":"tag-headlines","17":"tag-inusitado","18":"tag-latest-news","19":"tag-latestnews","20":"tag-main-news","21":"tag-mainnews","22":"tag-mundo","23":"tag-news","24":"tag-noticias","25":"tag-noticias-principais","26":"tag-noticiasprincipais","27":"tag-principais-noticias","28":"tag-principaisnoticias","29":"tag-top-stories","30":"tag-topstories","31":"tag-ultimas","32":"tag-ultimas-noticias","33":"tag-ultimasnoticias","34":"tag-world","35":"tag-world-news","36":"tag-worldnews"},"share_on_mastodon":{"url":"","error":""},"_links":{"self":[{"href":"https:\/\/www.europesays.com\/pt\/wp-json\/wp\/v2\/posts\/51813","targetHints":{"allow":["GET"]}}],"collection":[{"href":"https:\/\/www.europesays.com\/pt\/wp-json\/wp\/v2\/posts"}],"about":[{"href":"https:\/\/www.europesays.com\/pt\/wp-json\/wp\/v2\/types\/post"}],"author":[{"embeddable":true,"href":"https:\/\/www.europesays.com\/pt\/wp-json\/wp\/v2\/users\/2"}],"replies":[{"embeddable":true,"href":"https:\/\/www.europesays.com\/pt\/wp-json\/wp\/v2\/comments?post=51813"}],"version-history":[{"count":0,"href":"https:\/\/www.europesays.com\/pt\/wp-json\/wp\/v2\/posts\/51813\/revisions"}],"wp:featuredmedia":[{"embeddable":true,"href":"https:\/\/www.europesays.com\/pt\/wp-json\/wp\/v2\/media\/51814"}],"wp:attachment":[{"href":"https:\/\/www.europesays.com\/pt\/wp-json\/wp\/v2\/media?parent=51813"}],"wp:term":[{"taxonomy":"category","embeddable":true,"href":"https:\/\/www.europesays.com\/pt\/wp-json\/wp\/v2\/categories?post=51813"},{"taxonomy":"post_tag","embeddable":true,"href":"https:\/\/www.europesays.com\/pt\/wp-json\/wp\/v2\/tags?post=51813"}],"curies":[{"name":"wp","href":"https:\/\/api.w.org\/{rel}","templated":true}]}}