{"id":51815,"date":"2025-08-30T18:51:18","date_gmt":"2025-08-30T18:51:18","guid":{"rendered":"https:\/\/www.europesays.com\/pt\/51815\/"},"modified":"2025-08-30T18:51:18","modified_gmt":"2025-08-30T18:51:18","slug":"mais-de-trezentos-carros-modificados-deliciam-fas-do-tuning-em-ponte-de-lima","status":"publish","type":"post","link":"https:\/\/www.europesays.com\/pt\/51815\/","title":{"rendered":"Mais de trezentos carros modificados deliciam f\u00e3s do tuning\u00a0em Ponte de Lima"},"content":{"rendered":"<p><img decoding=\"async\" class=\"ngx-body\" guid=\"a31ef999-0a52-455d-a326-d67b31d30f32\" src=\"https:\/\/www.europesays.com\/pt\/wp-content\/uploads\/2025\/08\/1756579875_441_image.jpg\" width=\"100%\"\/><\/p>\n<p data-remotead-prev-elm=\"true\" data-remotead-elm-id=\"inread\">Esque\u00e7a os carros fumarentos que fazem pe\u00f5es e participam em corridas ilegais. Muitas das m\u00e1quinas expostas no Drop PT Event implicaram um investimento t\u00e3o elevado dos seus propriet\u00e1rios que a \u00faltima coisa em que eles querem pensar \u00e9 num arranh\u00e3o nos seus &#8220;b\u00e9bes&#8221;. Pegando num exemplo concreto: um kit de transforma\u00e7\u00e3o de 120 mil euros para um Audi R8 pode parecer caro, considerando que s\u00f3 o carro, mesmo usado, pode custar mais de 150 mil euros. Mas nem \u00e9 muito se compararmos com os kits da Liberty Walk para o Mazda RX 7 e para o Toyota Supra que est\u00e3o logo \u00e0 entrada da exposi\u00e7\u00e3o, para impressionar quem chega.<\/p>\n<p><img decoding=\"async\" class=\"ngx-body\" guid=\"cbfa257f-2f0a-4a03-bc03-c9bbbc75cb46\" src=\"https:\/\/www.europesays.com\/pt\/wp-content\/uploads\/2025\/08\/1756579876_429_image.jpg\" width=\"100%\"\/><\/p>\n<p data-remotead-prev-elm=\"true\" data-remotead-elm-id=\"centro1\">O Ferrari SF90 Stradale que, apesar de j\u00e1 ser uma m\u00e1quina extraordin\u00e1ria, ainda suportou 80 mil euros de transforma\u00e7\u00f5es e o Mclaren 720S, com um conjunto de altera\u00e7\u00f5es mais modestas, avaliadas em 45 mil euros impressionam. Mas nem s\u00f3 de desportivos se faz o Drop PT Event. Na verdade, h\u00e1 carros de todos os tipos: carrinhas familiares, Audi A6 ou BMW S\u00e9rie 3, minivans Mercedes de nove lugares, SUV&#8221;s Audi, um Golf transformado numa pick-up. H\u00e1 carros de luxo, Lexus e Mercedes, mas tamb\u00e9m simples VW Jetta ou Ford Escort. O que manda \u00e9 a imagina\u00e7\u00e3o.<\/p>\n<p>Um Ford Escort, carro familiar de gama baixa dos anos 80, em que a cabe\u00e7a do motor foi pintada para parecer uma caixa de Jack Daniel&#8221;s, faz as del\u00edcias dos visitantes e \u00e9 um dos preferidos para as selfies. Caracter\u00edstica comum a quase todas as m\u00e1quinas \u00e9 a suspens\u00e3o a ar que permite regular a altura do carro ao solo.<\/p>\n<p data-remotead-prev-elm=\"true\" data-remotead-elm-id=\"centro2\"><img decoding=\"async\" class=\"ngx-body\" guid=\"ceee198e-d9bf-411c-94e8-9522b97accf4\" src=\"https:\/\/www.europesays.com\/pt\/wp-content\/uploads\/2025\/08\/1756579876_125_image.jpg\" width=\"100%\"\/><\/p>\n<p>Ilegais em Portugal<\/p>\n<p>&#8220;Em bom rigor, em Portugal, todas estes carros t\u00eam alguma coisa ilegal. A lei n\u00e3o deixa alterar as caracter\u00edsticas mec\u00e2nicas. As suspens\u00f5es e o alargamento das vias (com rodas a sair da carro\u00e7aria) s\u00e3o dois grandes problemas&#8221;, esclarece Lu\u00eds Bernardo, um dos elementos do grupo de amigos que arrancou com a organiza\u00e7\u00e3o. &#8220;Vamos andando e contando com a boa vontade da pol\u00edcia. A verdade \u00e9 que quem tem um carro destes n\u00e3o vai andar por a\u00ed como um louco. S\u00e3o s\u00f3 para mostrar&#8221;, refere Lu\u00eds Ribeiro, outro respons\u00e1vel do Drop PT Event. &#8220;Por toda a Europa \u00e9 poss\u00edvel legalizar os carros. Em Portugal, estamos numa situa\u00e7\u00e3o em que \u00e9 legal vender as pe\u00e7as, pelas quais pagamos impostos, mas depois, n\u00e3o h\u00e1 forma de legalizar os autom\u00f3veis&#8221;, lamenta Lu\u00eds Bernardo.<\/p>\n<p data-remotead-prev-elm=\"true\" data-remotead-elm-id=\"centro3\"><img decoding=\"async\" class=\"ngx-body\" guid=\"d4243dc4-225b-4ce0-8693-40eda5743ad7\" src=\"https:\/\/www.europesays.com\/pt\/wp-content\/uploads\/2025\/08\/1756579877_726_image.jpg\" width=\"100%\"\/><\/p>\n<p>A avaliar pelo primeiro dia, a organiza\u00e7\u00e3o espera chegar na edi\u00e7\u00e3o deste ano aos cinco mil visitantes. Hoje, a exposi\u00e7\u00e3o est\u00e1 aberta at\u00e9 \u00e0s 18 horas, os bilhetes custam 10 euros e as crian\u00e7as com menos de dez anos n\u00e3o pagam.<\/p>\n<p data-remotead-prev-elm=\"true\" data-remotead-elm-id=\"centro4\"><img decoding=\"async\" class=\"ngx-body\" guid=\"e81f936c-8fe4-4b2d-ac54-a6eb885f45f0\" src=\"https:\/\/www.europesays.com\/pt\/wp-content\/uploads\/2025\/08\/1756579878_588_image.jpg\" width=\"100%\"\/><\/p>\n","protected":false},"excerpt":{"rendered":"Esque\u00e7a os carros fumarentos que fazem pe\u00f5es e participam em corridas ilegais. Muitas das m\u00e1quinas expostas no Drop&hellip;\n","protected":false},"author":2,"featured_media":51816,"comment_status":"","ping_status":"","sticky":false,"template":"","format":"standard","meta":{"footnotes":""},"categories":[10],"tags":[27,28,15,16,14,25,26,21,22,12,13,19,20,32,23,24,33,17,18,29,30,31],"class_list":{"0":"post-51815","1":"post","2":"type-post","3":"status-publish","4":"format-standard","5":"has-post-thumbnail","7":"category-portugal","8":"tag-breaking-news","9":"tag-breakingnews","10":"tag-featured-news","11":"tag-featurednews","12":"tag-headlines","13":"tag-latest-news","14":"tag-latestnews","15":"tag-main-news","16":"tag-mainnews","17":"tag-news","18":"tag-noticias","19":"tag-noticias-principais","20":"tag-noticiasprincipais","21":"tag-portugal","22":"tag-principais-noticias","23":"tag-principaisnoticias","24":"tag-pt","25":"tag-top-stories","26":"tag-topstories","27":"tag-ultimas","28":"tag-ultimas-noticias","29":"tag-ultimasnoticias"},"share_on_mastodon":{"url":"","error":""},"_links":{"self":[{"href":"https:\/\/www.europesays.com\/pt\/wp-json\/wp\/v2\/posts\/51815","targetHints":{"allow":["GET"]}}],"collection":[{"href":"https:\/\/www.europesays.com\/pt\/wp-json\/wp\/v2\/posts"}],"about":[{"href":"https:\/\/www.europesays.com\/pt\/wp-json\/wp\/v2\/types\/post"}],"author":[{"embeddable":true,"href":"https:\/\/www.europesays.com\/pt\/wp-json\/wp\/v2\/users\/2"}],"replies":[{"embeddable":true,"href":"https:\/\/www.europesays.com\/pt\/wp-json\/wp\/v2\/comments?post=51815"}],"version-history":[{"count":0,"href":"https:\/\/www.europesays.com\/pt\/wp-json\/wp\/v2\/posts\/51815\/revisions"}],"wp:featuredmedia":[{"embeddable":true,"href":"https:\/\/www.europesays.com\/pt\/wp-json\/wp\/v2\/media\/51816"}],"wp:attachment":[{"href":"https:\/\/www.europesays.com\/pt\/wp-json\/wp\/v2\/media?parent=51815"}],"wp:term":[{"taxonomy":"category","embeddable":true,"href":"https:\/\/www.europesays.com\/pt\/wp-json\/wp\/v2\/categories?post=51815"},{"taxonomy":"post_tag","embeddable":true,"href":"https:\/\/www.europesays.com\/pt\/wp-json\/wp\/v2\/tags?post=51815"}],"curies":[{"name":"wp","href":"https:\/\/api.w.org\/{rel}","templated":true}]}}