{"id":51817,"date":"2025-08-30T18:52:10","date_gmt":"2025-08-30T18:52:10","guid":{"rendered":"https:\/\/www.europesays.com\/pt\/51817\/"},"modified":"2025-08-30T18:52:10","modified_gmt":"2025-08-30T18:52:10","slug":"vitor-baia-leva-a-filha-beatriz-ao-altar","status":"publish","type":"post","link":"https:\/\/www.europesays.com\/pt\/51817\/","title":{"rendered":"V\u00edtor Ba\u00eda leva a filha Beatriz ao altar"},"content":{"rendered":"<p>O antigo guarda-redes do FC Porto e da sele\u00e7\u00e3o nacional Vitor Ba\u00eda viveu um dos dias mais emocionantes da sua vida ao conduzir a filha Beatriz at\u00e9 ao altar. Esta sexta-feira, a jovem, de 28 anos, disse o &#8220;sim&#8221; a Sebasti\u00e3o Sousa Guedes, rodeada de familiares e amigos pr\u00f3ximos.<\/p>\n<p data-remotead-prev-elm=\"true\" data-remotead-elm-id=\"inread\">Alexandra Almeida, m\u00e3e da noiva, acompanhou cada momento da cerim\u00f3nia, visivelmente emocionada. Tamb\u00e9m Andreia Santos, atual companheira de Ba\u00eda, partilhou nas redes sociais imagens da celebra\u00e7\u00e3o, mostrando a alegria de estar ao lado da enteada e da fam\u00edlia.<\/p>\n<p><img decoding=\"async\" class=\"ngx-body\" guid=\"a0ca4e95-1460-4108-ab0b-8d5a40bb47ec\" src=\"https:\/\/www.europesays.com\/pt\/wp-content\/uploads\/2025\/08\/1756579928_808_image.jpg\" width=\"100%\"\/><\/p>\n<p data-remotead-prev-elm=\"true\" data-remotead-elm-id=\"centro1\">Os filhos mais novos do antigo guarda-redes e da nutricionista, Rodrigo e Matilde, foram os meninos das alian\u00e7as, deixando Beatriz comovida. A liga\u00e7\u00e3o entre irm\u00e3os foi evidente, num momento que trouxe ternura \u00e0 cerim\u00f3nia.<\/p>\n<p>Discurso original do irm\u00e3o mais velho<\/p>\n<p>Diogo, filho mais velho de V\u00edtor Ba\u00eda, destacou-se pelo discurso que combinou humor e emo\u00e7\u00e3o. &#8220;Para mim, isto \u00e9 sem d\u00favida um dia importante e memor\u00e1vel&#8221;, afirmou, antes de acrescentar: &#8220;Sei que a partir de hoje existe outro homem no mundo que ser\u00e1 repreendido por deixar pelos da barba no lavat\u00f3rio, e que esse homem n\u00e3o serei eu&#8221;.<\/p>\n<p data-remotead-prev-elm=\"true\" data-remotead-elm-id=\"centro2\">Com palavras afetuosas, Diogo elogiou o cunhado, lembrando a dedica\u00e7\u00e3o com que este pintou uma casa em fam\u00edlia. O gesto foi recebido com aplausos e sorrisos pelos presentes, refor\u00e7ando a boa rela\u00e7\u00e3o entre todos.<\/p>\n<p><img decoding=\"async\" class=\"ngx-body\" guid=\"ce9402d1-0661-4e4b-b4bd-83009be79510\" src=\"https:\/\/www.europesays.com\/pt\/wp-content\/uploads\/2025\/08\/1756579929_238_image.jpg\" width=\"100%\"\/><\/p>\n<p data-remotead-prev-elm=\"true\" data-remotead-elm-id=\"centro3\">Afonso, filho de V\u00edtor Ba\u00eda com Elisabete Carvalho, tamb\u00e9m marcou presen\u00e7a, completando o retrato de uni\u00e3o familiar. Para al\u00e9m de levar a filha ao altar, o \u00eddolo das balizas dan\u00e7ou com Beatriz, como manda a tradi\u00e7\u00e3o.<\/p>\n<p><img decoding=\"async\" class=\"ngx-body\" guid=\"b107eef3-8c25-4cc8-9dc4-8bb31e82bab5\" src=\"https:\/\/www.europesays.com\/pt\/wp-content\/uploads\/2025\/08\/1756579930_310_image.jpg\" width=\"100%\"\/><\/p>\n<p data-remotead-prev-elm=\"true\" data-remotead-elm-id=\"centro4\">A noiva \u00e9 especialista em marketing e o marido atua na \u00e1rea financeira da Sonae.<\/p>\n","protected":false},"excerpt":{"rendered":"O antigo guarda-redes do FC Porto e da sele\u00e7\u00e3o nacional Vitor Ba\u00eda viveu um dos dias mais emocionantes&hellip;\n","protected":false},"author":2,"featured_media":51818,"comment_status":"","ping_status":"","sticky":false,"template":"","format":"standard","meta":{"footnotes":""},"categories":[8],"tags":[27,28,15,16,14,25,26,21,22,12,13,19,20,32,23,24,33,17,18,29,30,31],"class_list":{"0":"post-51817","1":"post","2":"type-post","3":"status-publish","4":"format-standard","5":"has-post-thumbnail","7":"category-principais-noticias","8":"tag-breaking-news","9":"tag-breakingnews","10":"tag-featured-news","11":"tag-featurednews","12":"tag-headlines","13":"tag-latest-news","14":"tag-latestnews","15":"tag-main-news","16":"tag-mainnews","17":"tag-news","18":"tag-noticias","19":"tag-noticias-principais","20":"tag-noticiasprincipais","21":"tag-portugal","22":"tag-principais-noticias","23":"tag-principaisnoticias","24":"tag-pt","25":"tag-top-stories","26":"tag-topstories","27":"tag-ultimas","28":"tag-ultimas-noticias","29":"tag-ultimasnoticias"},"share_on_mastodon":{"url":"","error":""},"_links":{"self":[{"href":"https:\/\/www.europesays.com\/pt\/wp-json\/wp\/v2\/posts\/51817","targetHints":{"allow":["GET"]}}],"collection":[{"href":"https:\/\/www.europesays.com\/pt\/wp-json\/wp\/v2\/posts"}],"about":[{"href":"https:\/\/www.europesays.com\/pt\/wp-json\/wp\/v2\/types\/post"}],"author":[{"embeddable":true,"href":"https:\/\/www.europesays.com\/pt\/wp-json\/wp\/v2\/users\/2"}],"replies":[{"embeddable":true,"href":"https:\/\/www.europesays.com\/pt\/wp-json\/wp\/v2\/comments?post=51817"}],"version-history":[{"count":0,"href":"https:\/\/www.europesays.com\/pt\/wp-json\/wp\/v2\/posts\/51817\/revisions"}],"wp:featuredmedia":[{"embeddable":true,"href":"https:\/\/www.europesays.com\/pt\/wp-json\/wp\/v2\/media\/51818"}],"wp:attachment":[{"href":"https:\/\/www.europesays.com\/pt\/wp-json\/wp\/v2\/media?parent=51817"}],"wp:term":[{"taxonomy":"category","embeddable":true,"href":"https:\/\/www.europesays.com\/pt\/wp-json\/wp\/v2\/categories?post=51817"},{"taxonomy":"post_tag","embeddable":true,"href":"https:\/\/www.europesays.com\/pt\/wp-json\/wp\/v2\/tags?post=51817"}],"curies":[{"name":"wp","href":"https:\/\/api.w.org\/{rel}","templated":true}]}}