{"id":51819,"date":"2025-08-30T18:53:09","date_gmt":"2025-08-30T18:53:09","guid":{"rendered":"https:\/\/www.europesays.com\/pt\/51819\/"},"modified":"2025-08-30T18:53:09","modified_gmt":"2025-08-30T18:53:09","slug":"corpo-de-luis-fernando-verissimo-e-velado-no-rs","status":"publish","type":"post","link":"https:\/\/www.europesays.com\/pt\/51819\/","title":{"rendered":"Corpo de Luis Fernando Verissimo \u00e9 velado no RS"},"content":{"rendered":"<p class=\"bullet mt-0\" data-v-232111b4=\"\"><strong>O governador do Rio Grande do Sul, Eduardo Leite, decretou tr\u00eas dias de luto oficial no estado. <\/strong>&#8220;O Rio Grande do Sul e o Brasil perdem um dos grandes nomes da literatura nacional, cuja obra marcou gera\u00e7\u00f5es de leitores com sacadas inteligentes e um humor peculiar para falar dos nossos desafios como brasileiros. Autor de cr\u00f4nicas inesquec\u00edveis e criador de personagens que se tornaram parte do imagin\u00e1rio brasileiro, Verissimo deixa um legado que permanecer\u00e1 vivo em suas palavras, sempre atuais e cheias de sensibilidade e humor&#8221;, afirmou.<\/p>\n<p class=\"bullet\" data-v-232111b4=\"\"><strong>Lula disse que Verissimo foi &#8220;um dos maiores nomes da literatura&#8221;. <\/strong>&#8220;Luis Fernando Ver\u00edssimo, um dos maiores nomes de nossa literatura e nosso jornalismo, nos deixou hoje aos 88 anos de idade. Dono de m\u00faltiplos talentos, cultivou in\u00fameros leitores em todo o Brasil com suas cr\u00f4nicas, contos, quadrinhos e romances. Criou personagens inesquec\u00edveis, a exemplo do Analista de Bag\u00e9, As Cobras e Ed Mort&#8221;, <a href=\"https:\/\/www.uol.com.br\/splash\/noticias\/2025\/08\/30\/lula-reaje-morte-verissmo.htm\" rel=\"nofollow noopener\" target=\"_blank\">escreveu no X. <\/a><\/p>\n<p class=\"bullet\" data-v-232111b4=\"\"><strong>E que escritor defendeu a democracia. <\/strong>&#8220;Sua descri\u00e7\u00e3o bem-humorada da sociedade ganhou espa\u00e7o nas livrarias e na TV, com a Com\u00e9dia da Vida Privada. E, como poucos, soube usar a ironia para denunciar a ditadura e o autoritarismo; e defender a democracia. Eu e Janja deixamos o nosso carinho.&#8221;<\/p>\n<p class=\"bullet\" data-v-232111b4=\"\"><strong>O vice-presidente Geraldo Alckmin tamb\u00e9m lamentou morte de escritor.<\/strong> &#8220;Sinto muito a perda do mestre Lu\u00eds Fernando Ver\u00edssimo, brasileiro que ostentou distin\u00e7\u00e3o na escrita por meio de suas cr\u00f4nicas e livros que traduziam o Brasil com humor, s\u00e1tiras e uma intelig\u00eancia \u00edmpar. Lu Alckmin e eu manifestamos nossos sentimentos \u00e0 fam\u00edlia e amigos.&#8221;<\/p>\n<p class=\"bullet\" data-v-232111b4=\"\">*Com informa\u00e7\u00f5es da Ag\u00eancia Brasil<\/p>\n","protected":false},"excerpt":{"rendered":"O governador do Rio Grande do Sul, Eduardo Leite, decretou tr\u00eas dias de luto oficial no estado. &#8220;O&hellip;\n","protected":false},"author":2,"featured_media":51820,"comment_status":"","ping_status":"","sticky":false,"template":"","format":"standard","meta":{"footnotes":""},"categories":[145],"tags":[211,210,114,115,32,33],"class_list":{"0":"post-51819","1":"post","2":"type-post","3":"status-publish","4":"format-standard","5":"has-post-thumbnail","7":"category-celebridades","8":"tag-celebridades","9":"tag-celebrities","10":"tag-entertainment","11":"tag-entretenimento","12":"tag-portugal","13":"tag-pt"},"share_on_mastodon":{"url":"","error":""},"_links":{"self":[{"href":"https:\/\/www.europesays.com\/pt\/wp-json\/wp\/v2\/posts\/51819","targetHints":{"allow":["GET"]}}],"collection":[{"href":"https:\/\/www.europesays.com\/pt\/wp-json\/wp\/v2\/posts"}],"about":[{"href":"https:\/\/www.europesays.com\/pt\/wp-json\/wp\/v2\/types\/post"}],"author":[{"embeddable":true,"href":"https:\/\/www.europesays.com\/pt\/wp-json\/wp\/v2\/users\/2"}],"replies":[{"embeddable":true,"href":"https:\/\/www.europesays.com\/pt\/wp-json\/wp\/v2\/comments?post=51819"}],"version-history":[{"count":0,"href":"https:\/\/www.europesays.com\/pt\/wp-json\/wp\/v2\/posts\/51819\/revisions"}],"wp:featuredmedia":[{"embeddable":true,"href":"https:\/\/www.europesays.com\/pt\/wp-json\/wp\/v2\/media\/51820"}],"wp:attachment":[{"href":"https:\/\/www.europesays.com\/pt\/wp-json\/wp\/v2\/media?parent=51819"}],"wp:term":[{"taxonomy":"category","embeddable":true,"href":"https:\/\/www.europesays.com\/pt\/wp-json\/wp\/v2\/categories?post=51819"},{"taxonomy":"post_tag","embeddable":true,"href":"https:\/\/www.europesays.com\/pt\/wp-json\/wp\/v2\/tags?post=51819"}],"curies":[{"name":"wp","href":"https:\/\/api.w.org\/{rel}","templated":true}]}}