{"id":51823,"date":"2025-08-30T18:59:16","date_gmt":"2025-08-30T18:59:16","guid":{"rendered":"https:\/\/www.europesays.com\/pt\/51823\/"},"modified":"2025-08-30T18:59:16","modified_gmt":"2025-08-30T18:59:16","slug":"desta-vez-o-united-ganhou-a-vida-de-amorim-ja-daria-um-filme-futebol-internacional","status":"publish","type":"post","link":"https:\/\/www.europesays.com\/pt\/51823\/","title":{"rendered":"Desta vez, o United ganhou. A vida de Amorim j\u00e1 daria um filme | Futebol internacional"},"content":{"rendered":"<p>R\u00faben Amorim e o Manchester United n\u00e3o t\u00eam um dia de descanso. Neste s\u00e1bado, na jornada 3 da Liga inglesa, a equipa treinada pelo t\u00e9cnico portugu\u00eas venceu o Burnley por 3-2 \u2013 o primeiro triunfo da temporada, depois da derrota com o Arsenal, o empate com o Fulham e do esc\u00e2ndalo da elimina\u00e7\u00e3o na Ta\u00e7a da Liga com uma equipa da quarta divis\u00e3o.<\/p>\n<p>Mas a montanha-russa n\u00e3o \u00e9 apenas nos resultados e no futebol apresentado. S\u00f3 neste jogo, o United teve um pen\u00e1lti a favor que foi revertido com ajuda do VAR e beneficiou de um autogolo depois de um cabeceamento \u00e0 trave que bateu num advers\u00e1rio e entrou na baliza. Tamb\u00e9m teve les\u00e3o de Matheus Cunha \u2013 provavelmente grave \u2013, brasileiro que estava a ser dos mais consistentes neste in\u00edcio de \u00e9poca. Ainda sofreu um golo \u00e0s tr\u00eas tabelas, que poderia perfeitamente ter sido registado como autogolo de Mainoo. E acabou com um pen\u00e1lti a seu favor aos 90+2\u2019, com ajuda do VAR, que valeu o triunfo neste jogo.<\/p>\n<p>Por ali, j\u00e1 aconteceu um pouco de tudo \u2013 e o que n\u00e3o aconteceu provavelmente ainda vai acontecer. A vida de Amorim no United j\u00e1 daria um filme, com direito a um argumento rico, uma trama complexa, bons actores, emo\u00e7\u00e3o, drama e at\u00e9 uma boa dose de plot-twist.<\/p>\n<p><strong>Diallo em bom plano<\/strong><\/p>\n<p>Depois do drama a meio da semana, Amorim voltou \u00e0 equipa-base. E ser\u00e1 justo lembrar que essa equipa n\u00e3o tem sido propriamente m\u00e1. O United fez bastante para vencer o Arsenal (e acabou a perder) e mesmo com o Fulham tamb\u00e9m n\u00e3o foi nada de se desdenhar \u2013 sofreu a defender, mas criou bastantes oportunidades.<\/p>\n<p>        &#13;<\/p>\n<blockquote class=\"twitter-tweet\" data-media-max-width=\"560\">\n<p lang=\"pt\" dir=\"ltr\">Foster \u00e0 vontadinha ??<\/p>\n<p>?????????????? <a href=\"https:\/\/twitter.com\/premierleague?ref_src=twsrc%5Etfw\" rel=\"nofollow noopener\" target=\"_blank\">@premierleague<\/a> | <a href=\"https:\/\/twitter.com\/ManUtd?ref_src=twsrc%5Etfw\" rel=\"nofollow noopener\" target=\"_blank\">@ManUtd<\/a> 1 x 1 <a href=\"https:\/\/twitter.com\/BurnleyOfficial?ref_src=twsrc%5Etfw\" rel=\"nofollow noopener\" target=\"_blank\">@BurnleyOfficial<\/a><\/p>\n<p>?? N\u00e3o \u00e9 s\u00f3 um jogo. \u00c9 DAZN. Adere j\u00e1 e aproveita ?? ????^?? ??????\u00b4?????? ?? <a href=\"https:\/\/t.co\/MbvnEVsIom\" rel=\"nofollow\">https:\/\/t.co\/MbvnEVsIom<\/a><a href=\"https:\/\/twitter.com\/hashtag\/DAZNPremier?src=hash&amp;ref_src=twsrc%5Etfw\" rel=\"nofollow noopener\" target=\"_blank\">#DAZNPremier<\/a> <a href=\"https:\/\/t.co\/FvHH9SmDie\" rel=\"nofollow\">pic.twitter.com\/FvHH9SmDie<\/a><\/p>\n<p>\u2014 DAZN Portugal (@DAZNPortugal) <a href=\"https:\/\/twitter.com\/DAZNPortugal\/status\/1961813320408633636?ref_src=twsrc%5Etfw\" rel=\"nofollow noopener\" target=\"_blank\">August 30, 2025<\/a><\/p><\/blockquote>\n<p> &#13;<\/p>\n<p>Esta partida com o Burnley foi mais do mesmo. A equipa acabou com 3,54 golos esperados e conseguiu v\u00e1rios lances bem constru\u00eddos, quase sempre com participa\u00e7\u00e3o de Diallo \u2013 a come\u00e7ar, a criar ou a concluir, parece ser claramente o jogador mais capaz de ajudar Amorim nesta fase.<\/p>\n<p>O 3x4x3 \u00e9 inegoci\u00e1vel, como j\u00e1 se sabe, mas Amorim tem conseguido dar uma roupagem diferente em rela\u00e7\u00e3o ao ano passado \u2013 Matheus Cunha como avan\u00e7ado cria muita confus\u00e3o aos advers\u00e1rios, pela mobilidade e pelo vasto leque de solu\u00e7\u00f5es t\u00e9cnicas em apoio frontal, em drible ou no ataque ao espa\u00e7o. E o Burnley estava a ter dificuldade em acertar as refer\u00eancias de marca\u00e7\u00e3o, tendo v\u00e1rias vezes os centrais em inferioridade num\u00e9rica.<\/p>\n<p>O United chegou ao golo aos 27\u2019, num cabeceamento de Casemiro que bateu na trave e desviou em Cullen antes de entrar na baliza \u2013 a tecnologia da linha de baliza ajudou o \u00e1rbitro. Curiosamente, o United marcou numa bola parada, depois de ter sido essa via a valer os problemas com Arsenal, Fulham e Grimsby.<\/p>\n<p>        &#13;<\/p>\n<blockquote class=\"twitter-tweet\" data-media-max-width=\"560\">\n<p lang=\"pt\" dir=\"ltr\">Mais um golo caricato e assim n\u00e3o \u00e9 mesmo f\u00e1cil ?? Anthony<\/p>\n<p>?????????????? <a href=\"https:\/\/twitter.com\/premierleague?ref_src=twsrc%5Etfw\" rel=\"nofollow noopener\" target=\"_blank\">@premierleague<\/a> | <a href=\"https:\/\/twitter.com\/ManUtd?ref_src=twsrc%5Etfw\" rel=\"nofollow noopener\" target=\"_blank\">@ManUtd<\/a> 2 x 2 <a href=\"https:\/\/twitter.com\/BurnleyOfficial?ref_src=twsrc%5Etfw\" rel=\"nofollow noopener\" target=\"_blank\">@BurnleyOfficial<\/a><\/p>\n<p>?? N\u00e3o \u00e9 s\u00f3 um jogo. \u00c9 DAZN. Adere j\u00e1 e aproveita ?? ????^?? ??????\u00b4?????? ?? <a href=\"https:\/\/t.co\/MbvnEVsIom\" rel=\"nofollow\">https:\/\/t.co\/MbvnEVsIom<\/a><a href=\"https:\/\/twitter.com\/hashtag\/DAZNPremier?src=hash&amp;ref_src=twsrc%5Etfw\" rel=\"nofollow noopener\" target=\"_blank\">#DAZNPremier<\/a> <a href=\"https:\/\/t.co\/eRqw6eR7gI\" rel=\"nofollow\">pic.twitter.com\/eRqw6eR7gI<\/a><\/p>\n<p>\u2014 DAZN Portugal (@DAZNPortugal) <a href=\"https:\/\/twitter.com\/DAZNPortugal\/status\/1961815130208960566?ref_src=twsrc%5Etfw\" rel=\"nofollow noopener\" target=\"_blank\">August 30, 2025<\/a><\/p><\/blockquote>\n<p> &#13;<\/p>\n<p>O drama<\/p>\n<p>Aos 55\u2019, depois de um momento de desposicionamento, a defesa do United tinha Shaw como central do meio e De Ligt \u00e0 esquerda. A confus\u00e3o entre ambos deixou Lyle Foster livre para finalizar um cruzamento sem oposi\u00e7\u00e3o, num lance algo bizarro pela parca oposi\u00e7\u00e3o do United ao atacante.<\/p>\n<p>Um minuto depois, no pontap\u00e9 de sa\u00edda, o United explorou o jogo directo num verdadeiro kick and rush \u00e0 inglesa. Bola no guarda-redes, jogadores correm para a frente, avan\u00e7ado ganha no ar, extremo cruza e ala do lado oposto finaliza \u2013 foram Zirkzee, Dalot e Mbeumo a fazer o desenho daquele que foi o primeiro golo de um jogador do United no campeonato (at\u00e9 aqui tinham sido apenas autogolos).<\/p>\n<p>Mas, como j\u00e1 dissemos, a vida do United d\u00e1 um filme. Aos 67\u2019 houve outro golo bizarro \u2013 mais at\u00e9 do que o primeiro. Num lan\u00e7amento lateral, a bola foi pingar na \u00e1rea do United e andou \u00e0s tr\u00eas tabelas at\u00e9 uma defesa incompleta de Bayindir e um corte torto de Mainoo que fez a bola bater no seu guarda-redes e entrar na baliza.<\/p>\n<p>At\u00e9 ao final, o United n\u00e3o teve a capacidade que j\u00e1 mostrou noutros momentos \u2013 mesmo neste jogo. O futebol ofensivo era confuso e o nervosismo apoderou-se de uma equipa a quem j\u00e1 aconteceu um pouco de tudo.<\/p>\n<p>        &#13;<\/p>\n<blockquote class=\"twitter-tweet\" data-media-max-width=\"560\">\n<p lang=\"pt\" dir=\"ltr\">BRUNO D\u00c1 OS 3 PONTOS E OLD TRAFFORD VAI \u00c0 LOUCURA ??<\/p>\n<p>?????????????? <a href=\"https:\/\/twitter.com\/premierleague?ref_src=twsrc%5Etfw\" rel=\"nofollow noopener\" target=\"_blank\">@premierleague<\/a> | <a href=\"https:\/\/twitter.com\/ManUtd?ref_src=twsrc%5Etfw\" rel=\"nofollow noopener\" target=\"_blank\">@ManUtd<\/a> 3 x 2 <a href=\"https:\/\/twitter.com\/BurnleyOfficial?ref_src=twsrc%5Etfw\" rel=\"nofollow noopener\" target=\"_blank\">@BurnleyOfficial<\/a><\/p>\n<p>?? N\u00e3o \u00e9 s\u00f3 um jogo. \u00c9 DAZN. Adere j\u00e1 e aproveita ?? ????^?? ??????\u00b4?????? ?? <a href=\"https:\/\/t.co\/MbvnEVsIom\" rel=\"nofollow\">https:\/\/t.co\/MbvnEVsIom<\/a><a href=\"https:\/\/twitter.com\/hashtag\/DAZNPremier?src=hash&amp;ref_src=twsrc%5Etfw\" rel=\"nofollow noopener\" target=\"_blank\">#DAZNPremier<\/a> <a href=\"https:\/\/t.co\/gRjYyFG6xq\" rel=\"nofollow\">pic.twitter.com\/gRjYyFG6xq<\/a><\/p>\n<p>\u2014 DAZN Portugal (@DAZNPortugal) <a href=\"https:\/\/twitter.com\/DAZNPortugal\/status\/1961822777872101748?ref_src=twsrc%5Etfw\" rel=\"nofollow noopener\" target=\"_blank\">August 30, 2025<\/a><\/p><\/blockquote>\n<p> &#13;<\/p>\n<p>Mas o filme ainda n\u00e3o tinha acabado. Aos 90+2\u2019, Diallo foi agarrado pela camisola quando entrava na \u00e1rea e o VAR sugeriu ao \u00e1rbitro assinalar pen\u00e1lti \u2013 a infra\u00e7\u00e3o de agarr\u00e3o \u00e9 sancionada onde a ac\u00e7\u00e3o termina e, portanto, dentro da \u00e1rea.<\/p>\n<p>Bruno Fernandes bateu com categoria e deu o primeiro triunfo na temporada.<\/p>\n<p>            <script async src=\"https:\/\/platform.twitter.com\/widgets.js\" charset=\"utf-8\"><\/script><\/p>\n","protected":false},"excerpt":{"rendered":"R\u00faben Amorim e o Manchester United n\u00e3o t\u00eam um dia de descanso. Neste s\u00e1bado, na jornada 3 da&hellip;\n","protected":false},"author":2,"featured_media":51824,"comment_status":"","ping_status":"","sticky":false,"template":"","format":"standard","meta":{"footnotes":""},"categories":[87],"tags":[135,524,138,663,32,33,1052,134],"class_list":{"0":"post-51823","1":"post","2":"type-post","3":"status-publish","4":"format-standard","5":"has-post-thumbnail","7":"category-desporto","8":"tag-desporto","9":"tag-futebol","10":"tag-futebol-internacional","11":"tag-manchester-united","12":"tag-portugal","13":"tag-pt","14":"tag-ruben-amorim","15":"tag-sports"},"share_on_mastodon":{"url":"","error":""},"_links":{"self":[{"href":"https:\/\/www.europesays.com\/pt\/wp-json\/wp\/v2\/posts\/51823","targetHints":{"allow":["GET"]}}],"collection":[{"href":"https:\/\/www.europesays.com\/pt\/wp-json\/wp\/v2\/posts"}],"about":[{"href":"https:\/\/www.europesays.com\/pt\/wp-json\/wp\/v2\/types\/post"}],"author":[{"embeddable":true,"href":"https:\/\/www.europesays.com\/pt\/wp-json\/wp\/v2\/users\/2"}],"replies":[{"embeddable":true,"href":"https:\/\/www.europesays.com\/pt\/wp-json\/wp\/v2\/comments?post=51823"}],"version-history":[{"count":0,"href":"https:\/\/www.europesays.com\/pt\/wp-json\/wp\/v2\/posts\/51823\/revisions"}],"wp:featuredmedia":[{"embeddable":true,"href":"https:\/\/www.europesays.com\/pt\/wp-json\/wp\/v2\/media\/51824"}],"wp:attachment":[{"href":"https:\/\/www.europesays.com\/pt\/wp-json\/wp\/v2\/media?parent=51823"}],"wp:term":[{"taxonomy":"category","embeddable":true,"href":"https:\/\/www.europesays.com\/pt\/wp-json\/wp\/v2\/categories?post=51823"},{"taxonomy":"post_tag","embeddable":true,"href":"https:\/\/www.europesays.com\/pt\/wp-json\/wp\/v2\/tags?post=51823"}],"curies":[{"name":"wp","href":"https:\/\/api.w.org\/{rel}","templated":true}]}}