{"id":51825,"date":"2025-08-30T19:00:08","date_gmt":"2025-08-30T19:00:08","guid":{"rendered":"https:\/\/www.europesays.com\/pt\/51825\/"},"modified":"2025-08-30T19:00:08","modified_gmt":"2025-08-30T19:00:08","slug":"virus-da-covid-e-da-gripe-podem-acordar-celulas-cancerigenas-sugere-estudo-entenda-r7-entretenimento","status":"publish","type":"post","link":"https:\/\/www.europesays.com\/pt\/51825\/","title":{"rendered":"V\u00edrus da\u00a0Covid\u00a0e da gripe podem \u2018acordar\u2019 c\u00e9lulas cancer\u00edgenas, sugere estudo; entenda \u2013 R7 Entretenimento"},"content":{"rendered":"<p><a href=\"https:\/\/www.mundoboaforma.com.br\/\" title=\"Mundo Boa Forma\" target=\"_blank\" rel=\"noreferrer nofollow noopener\"><img loading=\"lazy\" decoding=\"async\" src=\"https:\/\/img.r7.com\/images\/mundo-boa-forma-31072023154354129\" alt=\"Mundo Boa Forma\" class=\"article-rounded-md article-mr-nano article-block article-grayscale-icon dark:article-grayscale\" title=\"Mundo Boa Forma\" width=\"37\" height=\"37\"\/><\/a><img decoding=\"async\" data-chromatic=\"ignore\" alt=\"\" class=\"c-image\" loading=\"lazy\" src=\"https:\/\/www.europesays.com\/pt\/wp-content\/uploads\/2025\/08\/ZPC2I7K2NNBRBD5DGHN6PQSUVI.jpeg\"  width=\"1200\" height=\"800\"\/>Woman in mask. Coronavirus theme. Lady by the window. <\/p>\n<p class=\"dark:base-text-neutral-high-400 base-text-[calc(theme(fontSize.xs)_*_var(--font-size,_1))] base-font-normal base-font-primary base-text-neutral-low-500 base-text-left\">\n<p>De acordo com um estudo publicado na revista Nature, infec\u00e7\u00f5es causadas por v\u00edrus respirat\u00f3rios comuns, como o da gripe (influenza) e da Covid-19 (Sars-CoV-2), podem despertar c\u00e9lulas de c\u00e2ncer que estavam em estado de dorm\u00eancia no organismo.<\/p>\n<\/p>\n<p class=\"dark:base-text-neutral-high-400 base-text-[calc(theme(fontSize.xs)_*_var(--font-size,_1))] base-font-normal base-font-primary base-text-neutral-low-500 base-text-left\">\n<p><strong>Para entender melhor essa pesquisa e suas implica\u00e7\u00f5es, consulte a mat\u00e9ria completa no nosso parceiro <a href=\"https:\/\/www.mundoboaforma.com.br\/virus-da-covid-e-da-gripe-podem-acordar-celulas-cancerigenas-sugere-estudo-entenda\/\" rel=\"nofollow noopener\" target=\"_blank\">Mundo Boa Forma<\/a>.<\/strong><\/p>\n<\/p>\n<p class=\"dark:base-text-neutral-high-400 base-text-[calc(theme(fontSize.xs)_*_var(--font-size,_1))] base-font-normal base-font-primary base-text-neutral-low-500 base-text-left\">\n<p>Leia Mais em <strong>Mundo Boa Forma<\/strong>:<\/p><\/p>\n","protected":false},"excerpt":{"rendered":"Woman in mask. Coronavirus theme. Lady by the window. De acordo com um estudo publicado na revista Nature,&hellip;\n","protected":false},"author":2,"featured_media":51826,"comment_status":"","ping_status":"","sticky":false,"template":"","format":"standard","meta":{"footnotes":""},"categories":[86],"tags":[15089,4864,5486,7359,8581,15090,1224,3913,11569,2641,1225,5490,1785,11395,4190,1098,15091,7766,116,183,12598,15092,7491,2850,10762,4195,15093,15094,12459,1794,15095,15096,1798,1112,1113,13389,4201,32,7499,14776,7500,15097,33,15098,15099,7682,15100,117,15101,1893,13402,13697,200],"class_list":{"0":"post-51825","1":"post","2":"type-post","3":"status-publish","4":"format-standard","5":"has-post-thumbnail","7":"category-saude","8":"tag-15089","9":"tag-2019-ncov","10":"tag-care","11":"tag-caucasian","12":"tag-closeup","13":"tag-contamination","14":"tag-corona","15":"tag-coronavirus","16":"tag-covid","17":"tag-covid-19","18":"tag-covid19","19":"tag-danger","20":"tag-disease","21":"tag-epidemic","22":"tag-face","23":"tag-female","24":"tag-flu","25":"tag-girl","26":"tag-health","27":"tag-home","28":"tag-indoor","29":"tag-infected","30":"tag-infection","31":"tag-influenza","32":"tag-interior","33":"tag-isolated","34":"tag-isolation","35":"tag-looking","36":"tag-mask","37":"tag-medical","38":"tag-outbreak","39":"tag-pandemic","40":"tag-patient","41":"tag-people","42":"tag-person","43":"tag-pollution","44":"tag-portrait","45":"tag-portugal","46":"tag-prevention","47":"tag-protect","48":"tag-protection","49":"tag-protective","50":"tag-pt","51":"tag-quarantine","52":"tag-respiratory","53":"tag-safety","54":"tag-sars","55":"tag-saude","56":"tag-stay","57":"tag-virus","58":"tag-waiting","59":"tag-window","60":"tag-woman"},"share_on_mastodon":{"url":"","error":""},"_links":{"self":[{"href":"https:\/\/www.europesays.com\/pt\/wp-json\/wp\/v2\/posts\/51825","targetHints":{"allow":["GET"]}}],"collection":[{"href":"https:\/\/www.europesays.com\/pt\/wp-json\/wp\/v2\/posts"}],"about":[{"href":"https:\/\/www.europesays.com\/pt\/wp-json\/wp\/v2\/types\/post"}],"author":[{"embeddable":true,"href":"https:\/\/www.europesays.com\/pt\/wp-json\/wp\/v2\/users\/2"}],"replies":[{"embeddable":true,"href":"https:\/\/www.europesays.com\/pt\/wp-json\/wp\/v2\/comments?post=51825"}],"version-history":[{"count":0,"href":"https:\/\/www.europesays.com\/pt\/wp-json\/wp\/v2\/posts\/51825\/revisions"}],"wp:featuredmedia":[{"embeddable":true,"href":"https:\/\/www.europesays.com\/pt\/wp-json\/wp\/v2\/media\/51826"}],"wp:attachment":[{"href":"https:\/\/www.europesays.com\/pt\/wp-json\/wp\/v2\/media?parent=51825"}],"wp:term":[{"taxonomy":"category","embeddable":true,"href":"https:\/\/www.europesays.com\/pt\/wp-json\/wp\/v2\/categories?post=51825"},{"taxonomy":"post_tag","embeddable":true,"href":"https:\/\/www.europesays.com\/pt\/wp-json\/wp\/v2\/tags?post=51825"}],"curies":[{"name":"wp","href":"https:\/\/api.w.org\/{rel}","templated":true}]}}