{"id":51829,"date":"2025-08-30T19:04:13","date_gmt":"2025-08-30T19:04:13","guid":{"rendered":"https:\/\/www.europesays.com\/pt\/51829\/"},"modified":"2025-08-30T19:04:13","modified_gmt":"2025-08-30T19:04:13","slug":"palavras-do-chanceler-alemao-algo-que-os-psiquiatras-devem-analisar","status":"publish","type":"post","link":"https:\/\/www.europesays.com\/pt\/51829\/","title":{"rendered":"Palavras do chanceler alem\u00e3o? &#8220;Algo que os psiquiatras devem analisar&#8221;"},"content":{"rendered":"<p>A porta-voz do Minist\u00e9rio dos Neg\u00f3cios Estrangeiros da R\u00fassia, Maria Zakharova, afirmou, este s\u00e1bado, que as recentes declara\u00e7\u00f5es do chanceler alem\u00e3o, Friedrich Merz, deviam ser analisadas &#8220;por psiquiatras&#8221;.<\/p>\n<p>Em causa est\u00e1 uma entrevista de Merz \u00e0 esta\u00e7\u00e3o francesa LCI, na sexta-feira. O chanceler alem\u00e3o denunciou as tentativas da R\u00fassia de minar a estabilidade social e a opini\u00e3o p\u00fablica da Alemanha, nomeadamente atrav\u00e9s das redes sociais.\u00a0<\/p>\n<p>&#8220;Putin est\u00e1 a desestabilizar uma grande parte do nosso pa\u00eds&#8221;, disse Merz. &#8220;J\u00e1 estamos em conflito com a R\u00fassia&#8221;, atirou.\u00a0<\/p>\n<p>Maria Zakharova foi confrontada com estas declara\u00e7\u00f5es pela ag\u00eancia estatal russa TASS e atirou: &#8220;Acho que isso \u00e9 algo que os psiquiatras devem analisar: a Alemanha vem a armar o regime neonazi em Kyiv h\u00e1 tr\u00eas anos, incluindo equipamento militar pesado, e agora de repente est\u00e1 preocupada com as redes sociais.&#8221;<\/p>\n<p>Ontem, recorde-se, os l\u00edderes franc\u00eas e alem\u00e3o estiveram reunidos e anunciaram que v\u00e3o fornecer mais defesas a\u00e9reas \u00e0 Ucr\u00e2nia, ap\u00f3s os ataques russos maci\u00e7os nas \u00faltimas semanas.\u00a0<\/p>\n<p>&#8220;Apesar dos intensos esfor\u00e7os diplom\u00e1ticos, a R\u00fassia n\u00e3o demonstra inten\u00e7\u00e3o de interromper a sua guerra de agress\u00e3o contra a Ucr\u00e2nia&#8221;, sublinharam Paris e Berlim, na nota, ap\u00f3s o encontro entre o presidente franc\u00eas, Emmanuel Macron, e o chanceler alem\u00e3o, no sul de Fran\u00e7a.<\/p>\n<p>Depois da reuni\u00e3o, o chefe de Estado franc\u00eas garantiu que Fran\u00e7a e Alemanha continuar\u00e3o a &#8220;pressionar&#8221; para que san\u00e7\u00f5es adicionais sejam impostas \u00e0 R\u00fassia para for\u00e7ar Moscovo a negociar o fim da guerra na Ucr\u00e2nia.<\/p>\n<p>J\u00e1 Friedrich Merz afirmou que \u00e9 &#8220;evidente que n\u00e3o haver\u00e1 qualquer encontro&#8221; entre o presidente ucraniano, Volodymyr Zelensky, e o hom\u00f3logo russo, Vladimir Putin, num futuro imediato.<\/p>\n<p>&#8220;\u00c9 evidente que n\u00e3o haver\u00e1 qualquer encontro entre o presidente Zelensky e o presidente Putin, ao contr\u00e1rio do que foi acordado entre o presidente [norte-americano, Donald] Trump e o presidente Putin&#8221;, afirmou o l\u00edder alem\u00e3o ao lado do chefe de Estado franc\u00eas.\u00a0<\/p>\n<p>Um poss\u00edvel encontro entre os dois beligerantes foi algo defendido por Trump, que se reuniu com Putin no Alasca e com Zelensky e v\u00e1rios l\u00edderes europeus na Casa Branca, em Washington.<\/p>\n<p>Tanto Moscovo como Kyiv t\u00eam-se acusado mutuamente de n\u00e3o quererem negocia\u00e7\u00f5es e colocar um fim ao conflito, numa fase da guerra em que a R\u00fassia prossegue os seus ataques a alvos civis em v\u00e1rias zonas da Ucr\u00e2nia, incluindo na capital ucraniana, e controla cerca de 20% do territ\u00f3rio do pa\u00eds que invadiu em 2022.<\/p>\n<p>Ap\u00f3s as reuni\u00f5es com Trump foi discutida a possibilidade de uma cimeira bilateral (Putin-Zelensky) e de uma trilateral que incluiria tamb\u00e9m o l\u00edder norte-americano.<\/p>\n<p>Alguns pa\u00edses europeus, como a \u00c1ustria e a Su\u00ed\u00e7a, ofereceram as suas capitais para receber os l\u00edderes e alguns meios de comunica\u00e7\u00e3o social norte-americanos e h\u00fangaros levantaram a possibilidade de Budapeste poder ser uma op\u00e7\u00e3o para estas negocia\u00e7\u00f5es.<\/p>\n<p>Desde ent\u00e3o, Donald Trump admitiu que reunir Putin e Zelensky seria como juntar &#8220;azeite e vinagre&#8221; e admitiu que &#8220;preferia n\u00e3o estar presente&#8221; nas negocia\u00e7\u00f5es.<\/p>\n<p>Zelensky tem frisado por diversas vezes ap\u00f3s os ataques russos que t\u00eam visado o territ\u00f3rio ucraniano que Moscovo tem demonstrado que n\u00e3o est\u00e1 dispon\u00edvel para o di\u00e1logo.<\/p>\n<p>Leia Tamb\u00e9m: <a href=\"https:\/\/www.noticiasaominuto.com\/mundo\/2845662\/zelensky-alerta-que-russia-esta-a-preparar-nova-ofensiva-em-grande-escala\" target=\"_blank\" rel=\"noopener noreferrer nofollow\">Zelensky alerta que R\u00fassia est\u00e1 a preparar nova ofensiva em grande escala<\/a><\/p>\n","protected":false},"excerpt":{"rendered":"A porta-voz do Minist\u00e9rio dos Neg\u00f3cios Estrangeiros da R\u00fassia, Maria Zakharova, afirmou, este s\u00e1bado, que as recentes declara\u00e7\u00f5es&hellip;\n","protected":false},"author":2,"featured_media":51830,"comment_status":"","ping_status":"","sticky":false,"template":"","format":"standard","meta":{"footnotes":""},"categories":[50],"tags":[27,28,15,16,14,25,26,21,22,62,12,13,19,20,23,24,17,18,29,30,31,63,64,65],"class_list":{"0":"post-51829","1":"post","2":"type-post","3":"status-publish","4":"format-standard","5":"has-post-thumbnail","7":"category-mundo","8":"tag-breaking-news","9":"tag-breakingnews","10":"tag-featured-news","11":"tag-featurednews","12":"tag-headlines","13":"tag-latest-news","14":"tag-latestnews","15":"tag-main-news","16":"tag-mainnews","17":"tag-mundo","18":"tag-news","19":"tag-noticias","20":"tag-noticias-principais","21":"tag-noticiasprincipais","22":"tag-principais-noticias","23":"tag-principaisnoticias","24":"tag-top-stories","25":"tag-topstories","26":"tag-ultimas","27":"tag-ultimas-noticias","28":"tag-ultimasnoticias","29":"tag-world","30":"tag-world-news","31":"tag-worldnews"},"share_on_mastodon":{"url":"","error":""},"_links":{"self":[{"href":"https:\/\/www.europesays.com\/pt\/wp-json\/wp\/v2\/posts\/51829","targetHints":{"allow":["GET"]}}],"collection":[{"href":"https:\/\/www.europesays.com\/pt\/wp-json\/wp\/v2\/posts"}],"about":[{"href":"https:\/\/www.europesays.com\/pt\/wp-json\/wp\/v2\/types\/post"}],"author":[{"embeddable":true,"href":"https:\/\/www.europesays.com\/pt\/wp-json\/wp\/v2\/users\/2"}],"replies":[{"embeddable":true,"href":"https:\/\/www.europesays.com\/pt\/wp-json\/wp\/v2\/comments?post=51829"}],"version-history":[{"count":0,"href":"https:\/\/www.europesays.com\/pt\/wp-json\/wp\/v2\/posts\/51829\/revisions"}],"wp:featuredmedia":[{"embeddable":true,"href":"https:\/\/www.europesays.com\/pt\/wp-json\/wp\/v2\/media\/51830"}],"wp:attachment":[{"href":"https:\/\/www.europesays.com\/pt\/wp-json\/wp\/v2\/media?parent=51829"}],"wp:term":[{"taxonomy":"category","embeddable":true,"href":"https:\/\/www.europesays.com\/pt\/wp-json\/wp\/v2\/categories?post=51829"},{"taxonomy":"post_tag","embeddable":true,"href":"https:\/\/www.europesays.com\/pt\/wp-json\/wp\/v2\/tags?post=51829"}],"curies":[{"name":"wp","href":"https:\/\/api.w.org\/{rel}","templated":true}]}}