{"id":51832,"date":"2025-08-30T19:11:17","date_gmt":"2025-08-30T19:11:17","guid":{"rendered":"https:\/\/www.europesays.com\/pt\/51832\/"},"modified":"2025-08-30T19:11:17","modified_gmt":"2025-08-30T19:11:17","slug":"conheca-as-musas-de-cronicas-de-luis-fernando-verissimo","status":"publish","type":"post","link":"https:\/\/www.europesays.com\/pt\/51832\/","title":{"rendered":"conhe\u00e7a as &#8216;musas&#8217; de cr\u00f4nicas de Luis Fernando Verissimo"},"content":{"rendered":"\n<p class=\" content-text__container theme-color-primary-first-letter\" data-track-category=\"Link no Texto\" data-track-links=\"\"> Um dos maiores cronistas do Brasil, dono de humor refinado e texto preciso, <a class=\"\" href=\"https:\/\/oglobo.globo.com\/\/tudo-sobre\/personalidade\/luis-fernando-verissimo\/\" rel=\"nofollow noopener\" target=\"_blank\">Luis Fernando Verissimo<\/a>, que morreu neste s\u00e1bado (30) aos 88 anos em Porto Alegre, ap\u00f3s tr\u00eas semanas internado com uma pneumonia, era admirador declarado de algumas estrelas da TV. Entre elas, Luana Piovani, Patr\u00edcia Pillar, L\u00facia Ver\u00edssimo e Patr\u00edcia Poeta, &#8220;musas&#8221; que inspiraram diversas cr\u00f4nicas do escritor ga\u00facho. <\/p>\n<ul class=\"content-unordered-list\">\n<li><strong>Luto:<\/strong> <a class=\"\" href=\"https:\/\/oglobo.globo.com\/cultura\/noticia\/2025\/08\/30\/morre-luis-fernando-verissimo-mestre-da-cronica-e-do-humor-aos-88-anos.ghtml\" rel=\"nofollow noopener\" target=\"_blank\">Morre Luis Fernando Verissimo, mestre da cr\u00f4nica e do humor, aos 88 anos<\/a><\/li>\n<li><strong>Mestre: <\/strong><a class=\"\" href=\"https:\/\/oglobo.globo.com\/cultura\/noticia\/2025\/08\/30\/luis-fernando-verissimo-12-livros-imperdiveis-do-autor-das-comedias-da-vida-privada.ghtml\" rel=\"nofollow noopener\" target=\"_blank\">12 livros imperd\u00edveis de Luis Fernando Verissimo, autor das &#8216;Com\u00e9dias da vida privada&#8217;<\/a><\/li>\n<\/ul>\n<p class=\" content-text__container \" data-track-category=\"Link no Texto\" data-track-links=\"\"> Na antologia &#8220;Ver\u00edssimas&#8221; (2016), a atriz Patr\u00edcia Pillar, que se tornou depois amiga do escritor e da fam\u00edlia, \u00e9 citada nada menos que 18 vezes e virou at\u00e9 verbete. Em uma das cr\u00f4nicas, Verissimo declara: &#8220;O pudim de laranja \u00e9 a \u00fanica prova convincente da exist\u00eancia de Deus. Al\u00e9m da Patricia Pillar, claro\u201d. <\/p>\n<p class=\" content-text__container \" data-track-category=\"Link no Texto\" data-track-links=\"\"> Em abril, a atriz publicou uma foto com Verissimo e Zuenir Ventura, lembrando de um encontro entre os tr\u00eas. <\/p>\n<p class=\" content-text__container \" data-track-category=\"Link no Texto\" data-track-links=\"\"> Outra Patr\u00edcia, a Poeta, tamb\u00e9m foi musa inspiradora de cr\u00f4nicas do autor ga\u00facho desde 2001, quando ainda era garota do tempo no &#8220;Jornal Nacional&#8221;. Em seus textos, comentava cada detalhe da apresentadora e conterr\u00e2nea: \u201cHoje ela est\u00e1 de cabelo preso. Acho que prefiro solto. M\u00e1xima de 55 no Rio. M\u00e1xima \u00e9 ela. Ou ser\u00e1 m\u00ednima? Se for baixinha, \u00e9 uma grande baixinha.\u201d <\/p>\n<p class=\" content-text__container \" data-track-category=\"Link no Texto\" data-track-links=\"\"> O escritor ainda celebrava a exist\u00eancia da AAPP, a Associa\u00e7\u00e3o dos Adoradores da Patr\u00edcia Poeta, sempre com humor e charme. O primeiro encontro entre os dois aconteceu em um &#8220;Programa do J\u00f4&#8221;, quando o apresentador fez uma surpresa para Verissimo com Patricia &#8220;escondida&#8221; na plateia. A musa se declarou f\u00e3 do escritor desde crian\u00e7a, e brincou que foi de salto porque ele havia dito numa cr\u00f4nica n\u00e3 saber se ela era alta ou baixinha. &#8220;Tamanho perfeito&#8221;, retrucou ele. <\/p>\n<p class=\" content-text__container \" data-track-category=\"Link no Texto\" data-track-links=\"\"> A atriz Luana Piovani \u2014 que estrelou o primeiro epis\u00f3dio da s\u00e9rie &#8220;Amor Verissimo&#8221;, que estreou em 2014 no GNT, inspirado em cr\u00f4nicas do autor ga\u00facho \u2014 tamb\u00e9m foi tema de sua escrita. Em &#8220;A cl\u00e1usula do elevador&#8221;, que fala de um acordo pr\u00e9-nupcial sobre fidelidade, Verissimo desfila: &#8220;\u2013 Digamos que eu fique preso num elevador com a Luana Piovani. Depois de dez, quinze minutos, ela diz \u201cCalor, n\u00e9?\u201d, e desabotoa a blusa. Mais dez minutos e ela tira toda a roupa. Mais cinco minutos e ela diz \u201cN\u00e3o adiantou\u201d, e come\u00e7a a desabotoar a minha blusa\u2026 O contrato deveria prever que, em casos assim, eu estaria automaticamente liberado dos seus termos restritivos. Ela concordou, em tese, mas argumentou que a licen\u00e7a pleiteada deveria ser espec\u00edfica, recha\u00e7ando a sugest\u00e3o dele de que se referisse genericamente a \u201cLuana Piovani ou similar\u201d. Ficou decidido que ele estaria automaticamente liberado da obriga\u00e7\u00e3o contratual de ser fiel a ela no caso de ficar preso num elevador com a Patr\u00edcia Pillar, a Luma de Oliveira ou uma das duas (ou as duas) mo\u00e7as do \u201cTchan\u201d, al\u00e9m da Luana Piovani, se o socorro demorasse mais de vinte minutos.&#8221; <\/p>\n<p>       <img decoding=\"async\" class=\"content-media__image\"  src=\"https:\/\/www.europesays.com\/pt\/wp-content\/uploads\/2025\/08\/1756581077_580_image.png\" alt=\"Luana Piovani e Marcelo Faria em cena de 'Amor Verissimo', inspirado em cr\u00f4nicas do escritor \u2014 Foto: Bruno Poppe\" width=\"475\" height=\"315\" loading=\"lazy\"\/>  Luana Piovani e Marcelo Faria em cena de &#8216;Amor Verissimo&#8217;, inspirado em cr\u00f4nicas do escritor \u2014 Foto: Bruno Poppe        <\/p>\n<p class=\" content-text__container \" data-track-category=\"Link no Texto\" data-track-links=\"\"> Ao longo de toda uma outra cr\u00f4nica, Verissimo escreveu sobre encontros que re\u00fanem pessoas com um mesmo sobrenome, para ao final brincar que no seu caso defendia isso s\u00f3 por interesse: conhecer pessoalmente a atriz L\u00facia Ver\u00edssimo \u2014 que n\u00e3o tem parentesco com o escritor. <\/p>\n","protected":false},"excerpt":{"rendered":"Um dos maiores cronistas do Brasil, dono de humor refinado e texto preciso, Luis Fernando Verissimo, que morreu&hellip;\n","protected":false},"author":2,"featured_media":51833,"comment_status":"","ping_status":"","sticky":false,"template":"","format":"standard","meta":{"footnotes":""},"categories":[145],"tags":[211,210,887,114,115,874,10724,32,33],"class_list":{"0":"post-51832","1":"post","2":"type-post","3":"status-publish","4":"format-standard","5":"has-post-thumbnail","7":"category-celebridades","8":"tag-celebridades","9":"tag-celebrities","10":"tag-contexto-ou-analise","11":"tag-entertainment","12":"tag-entretenimento","13":"tag-escritor","14":"tag-luis-fernando-verissimo","15":"tag-portugal","16":"tag-pt"},"share_on_mastodon":{"url":"","error":""},"_links":{"self":[{"href":"https:\/\/www.europesays.com\/pt\/wp-json\/wp\/v2\/posts\/51832","targetHints":{"allow":["GET"]}}],"collection":[{"href":"https:\/\/www.europesays.com\/pt\/wp-json\/wp\/v2\/posts"}],"about":[{"href":"https:\/\/www.europesays.com\/pt\/wp-json\/wp\/v2\/types\/post"}],"author":[{"embeddable":true,"href":"https:\/\/www.europesays.com\/pt\/wp-json\/wp\/v2\/users\/2"}],"replies":[{"embeddable":true,"href":"https:\/\/www.europesays.com\/pt\/wp-json\/wp\/v2\/comments?post=51832"}],"version-history":[{"count":0,"href":"https:\/\/www.europesays.com\/pt\/wp-json\/wp\/v2\/posts\/51832\/revisions"}],"wp:featuredmedia":[{"embeddable":true,"href":"https:\/\/www.europesays.com\/pt\/wp-json\/wp\/v2\/media\/51833"}],"wp:attachment":[{"href":"https:\/\/www.europesays.com\/pt\/wp-json\/wp\/v2\/media?parent=51832"}],"wp:term":[{"taxonomy":"category","embeddable":true,"href":"https:\/\/www.europesays.com\/pt\/wp-json\/wp\/v2\/categories?post=51832"},{"taxonomy":"post_tag","embeddable":true,"href":"https:\/\/www.europesays.com\/pt\/wp-json\/wp\/v2\/tags?post=51832"}],"curies":[{"name":"wp","href":"https:\/\/api.w.org\/{rel}","templated":true}]}}