{"id":51834,"date":"2025-08-30T19:12:18","date_gmt":"2025-08-30T19:12:18","guid":{"rendered":"https:\/\/www.europesays.com\/pt\/51834\/"},"modified":"2025-08-30T19:12:18","modified_gmt":"2025-08-30T19:12:18","slug":"nao-achei-que-fosse-falhar-um-segundo-consecutivo","status":"publish","type":"post","link":"https:\/\/www.europesays.com\/pt\/51834\/","title":{"rendered":"\u00abN\u00e3o achei que fosse falhar um segundo consecutivo\u00bb"},"content":{"rendered":"<p><strong>Ruben Amorim analisou a vit\u00f3ria sofrida diante do Burnley. T\u00e9cnico n\u00e3o viu o pen\u00e1lti decisivo de Bruno Fernandes j\u00e1 no tempo de descontos. <\/strong><\/p>\n<p>O Manchester United enfim conseguiu vencer um jogo com o<a href=\"https:\/\/bolanarede.pt\/especial-bola-na-rede\/atualidade\/bruno-fernandes-salva-manchester-united-de-ruben-amorim-nos-descontos-eis-os-resultados-do-dia-na-premier-league\/\" target=\"_blank\" rel=\"noreferrer noopener nofollow\"> triunfo por 3-2 diante do Burnley<\/a>. Imediatamente ap\u00f3s o encontro, Ruben Amorim fez o rescaldo da partida e explicou nova recusa em ver uma grande penalidade de Bruno Fernandes, desta feita aos 90+6.<\/p>\n<p>\u00abGosto de ver a imagem dos adeptos. O que tem de ser, tem de ser. Naquele momento, pensei que seria justo ganhar o jogo. E n\u00e3o achei que o\u00a0Bruno\u00a0fosse falhar um segundo consecutivo. Pensar sobre o futuro? N\u00e3o, s\u00f3 estava a pensar que o\u00a0Bruno\u00a0Fernandes n\u00e3o iria falhar\u00bb, destacou Ruben Amorim.<\/p>\n<p>O treinador portugu\u00eas destacou ainda a import\u00e2ncia que resolver o jogo na primeira parte poderia ter tido e colocou o foco na paragem das sele\u00e7\u00f5es. <\/p>\n<p>\u00abS\u00e3o tr\u00eas pontos. Se olharmos para o jogo, dev\u00edamos ter resolvido tudo na primeira parte e controlado o jogo, mas estamos a lutar at\u00e9 ao \u00faltimo minuto por causa de coisas que complicamos demasiado. Olhem para a primeira parte, tivemos tantas oportunidades para marcar. Sentimos que podemos controlar o jogo. Mas um lan\u00e7amento lateral, uma jogada ensaiada. Abanei a cabe\u00e7a, porque \u00e0s vezes o futebol \u00e9 assim\u00bb, lamentou Ruben Amorim. <\/p>\n<p>\u00abAgora temos duas semanas com muitas oportunidades. Este era um jogo que t\u00ednhamos de ganhar, mas temos muito a fazer\u00bb, confessou o t\u00e9cnico. <\/p>\n","protected":false},"excerpt":{"rendered":"Ruben Amorim analisou a vit\u00f3ria sofrida diante do Burnley. T\u00e9cnico n\u00e3o viu o pen\u00e1lti decisivo de Bruno Fernandes&hellip;\n","protected":false},"author":2,"featured_media":25857,"comment_status":"","ping_status":"","sticky":false,"template":"","format":"standard","meta":{"footnotes":""},"categories":[8],"tags":[260,27,28,5532,1379,478,15,16,14,25,26,21,22,663,12,13,19,20,32,666,23,24,33,1052,17,18,29,30,31],"class_list":{"0":"post-51834","1":"post","2":"type-post","3":"status-publish","4":"format-standard","5":"has-post-thumbnail","7":"category-principais-noticias","8":"tag-atualidade","9":"tag-breaking-news","10":"tag-breakingnews","11":"tag-bruno-fernandes","12":"tag-burnley","13":"tag-destaques-bnr","14":"tag-featured-news","15":"tag-featurednews","16":"tag-headlines","17":"tag-latest-news","18":"tag-latestnews","19":"tag-main-news","20":"tag-mainnews","21":"tag-manchester-united","22":"tag-news","23":"tag-noticias","24":"tag-noticias-principais","25":"tag-noticiasprincipais","26":"tag-portugal","27":"tag-premier-league","28":"tag-principais-noticias","29":"tag-principaisnoticias","30":"tag-pt","31":"tag-ruben-amorim","32":"tag-top-stories","33":"tag-topstories","34":"tag-ultimas","35":"tag-ultimas-noticias","36":"tag-ultimasnoticias"},"share_on_mastodon":{"url":"","error":""},"_links":{"self":[{"href":"https:\/\/www.europesays.com\/pt\/wp-json\/wp\/v2\/posts\/51834","targetHints":{"allow":["GET"]}}],"collection":[{"href":"https:\/\/www.europesays.com\/pt\/wp-json\/wp\/v2\/posts"}],"about":[{"href":"https:\/\/www.europesays.com\/pt\/wp-json\/wp\/v2\/types\/post"}],"author":[{"embeddable":true,"href":"https:\/\/www.europesays.com\/pt\/wp-json\/wp\/v2\/users\/2"}],"replies":[{"embeddable":true,"href":"https:\/\/www.europesays.com\/pt\/wp-json\/wp\/v2\/comments?post=51834"}],"version-history":[{"count":0,"href":"https:\/\/www.europesays.com\/pt\/wp-json\/wp\/v2\/posts\/51834\/revisions"}],"wp:featuredmedia":[{"embeddable":true,"href":"https:\/\/www.europesays.com\/pt\/wp-json\/wp\/v2\/media\/25857"}],"wp:attachment":[{"href":"https:\/\/www.europesays.com\/pt\/wp-json\/wp\/v2\/media?parent=51834"}],"wp:term":[{"taxonomy":"category","embeddable":true,"href":"https:\/\/www.europesays.com\/pt\/wp-json\/wp\/v2\/categories?post=51834"},{"taxonomy":"post_tag","embeddable":true,"href":"https:\/\/www.europesays.com\/pt\/wp-json\/wp\/v2\/tags?post=51834"}],"curies":[{"name":"wp","href":"https:\/\/api.w.org\/{rel}","templated":true}]}}