{"id":51839,"date":"2025-08-30T19:17:09","date_gmt":"2025-08-30T19:17:09","guid":{"rendered":"https:\/\/www.europesays.com\/pt\/51839\/"},"modified":"2025-08-30T19:17:09","modified_gmt":"2025-08-30T19:17:09","slug":"benfica-b-portimonense-4-jornada-liga-2-futebol","status":"publish","type":"post","link":"https:\/\/www.europesays.com\/pt\/51839\/","title":{"rendered":"Benfica B Portimonense 4 Jornada Liga 2 Futebol"},"content":{"rendered":"<p>&#13;<br \/>\n&#13;<br \/>\n                        Futebol Forma\u00e7\u00e3o&#13;\n                    <\/p>\n<p class=\"news-title\">Benfica B-Penafiel: antevis\u00e3o de Nuno F\u00e9lix<\/p>\n<p>&#13;<br \/>\n                        A Liga 2 aproxima-se do fim e, neste domingo, 11 de maio, \u00e0s 18h00, h\u00e1 duelo entre Benfica B e Penafiel, referente \u00e0 33.\u00aa e pen\u00faltima ronda da competi\u00e7\u00e3o. Nuno F\u00e9lix n\u00e3o hesita: &#8220;Sabemos que \u00e9 uma equipa que tem qualidade e que vem tentar dar uma \u00faltima imagem positiva nos jogos que faltam, e n\u00f3s estamos preparados para isso.&#8221; Apesar da press\u00e3o das \u00faltimas jornadas, o m\u00e9dio garante serenidade no grupo. &#8220;Continuamos focados, sabemos o que temos de fazer e n\u00e3o tem sido muito diferente do resto da \u00e9poca&#8221;, garantiu, \u00e0 BTV. No \u00faltimo jogo em casa (Campo n.\u00ba 1 do Benfica Campus), h\u00e1 um pedido especial e a promessa de futebol atrativo e de uma equipa que quer sempre &#8220;representar o Benfica da melhor forma&#8221;. Bilhetes dispon\u00edveis AQUI.&#13;\n                    <\/p>\n","protected":false},"excerpt":{"rendered":"&#13; &#13; Futebol Forma\u00e7\u00e3o&#13; Benfica B-Penafiel: antevis\u00e3o de Nuno F\u00e9lix &#13; A Liga 2 aproxima-se do fim e,&hellip;\n","protected":false},"author":2,"featured_media":51840,"comment_status":"","ping_status":"","sticky":false,"template":"","format":"standard","meta":{"footnotes":""},"categories":[87],"tags":[135,32,33,134],"class_list":{"0":"post-51839","1":"post","2":"type-post","3":"status-publish","4":"format-standard","5":"has-post-thumbnail","7":"category-desporto","8":"tag-desporto","9":"tag-portugal","10":"tag-pt","11":"tag-sports"},"share_on_mastodon":{"url":"","error":""},"_links":{"self":[{"href":"https:\/\/www.europesays.com\/pt\/wp-json\/wp\/v2\/posts\/51839","targetHints":{"allow":["GET"]}}],"collection":[{"href":"https:\/\/www.europesays.com\/pt\/wp-json\/wp\/v2\/posts"}],"about":[{"href":"https:\/\/www.europesays.com\/pt\/wp-json\/wp\/v2\/types\/post"}],"author":[{"embeddable":true,"href":"https:\/\/www.europesays.com\/pt\/wp-json\/wp\/v2\/users\/2"}],"replies":[{"embeddable":true,"href":"https:\/\/www.europesays.com\/pt\/wp-json\/wp\/v2\/comments?post=51839"}],"version-history":[{"count":0,"href":"https:\/\/www.europesays.com\/pt\/wp-json\/wp\/v2\/posts\/51839\/revisions"}],"wp:featuredmedia":[{"embeddable":true,"href":"https:\/\/www.europesays.com\/pt\/wp-json\/wp\/v2\/media\/51840"}],"wp:attachment":[{"href":"https:\/\/www.europesays.com\/pt\/wp-json\/wp\/v2\/media?parent=51839"}],"wp:term":[{"taxonomy":"category","embeddable":true,"href":"https:\/\/www.europesays.com\/pt\/wp-json\/wp\/v2\/categories?post=51839"},{"taxonomy":"post_tag","embeddable":true,"href":"https:\/\/www.europesays.com\/pt\/wp-json\/wp\/v2\/tags?post=51839"}],"curies":[{"name":"wp","href":"https:\/\/api.w.org\/{rel}","templated":true}]}}