{"id":51853,"date":"2025-08-30T19:38:07","date_gmt":"2025-08-30T19:38:07","guid":{"rendered":"https:\/\/www.europesays.com\/pt\/51853\/"},"modified":"2025-08-30T19:38:07","modified_gmt":"2025-08-30T19:38:07","slug":"quase-60-dos-casos-de-demencia-no-brasil-poderiam-ser-evitados-entenda-a-tribuna","status":"publish","type":"post","link":"https:\/\/www.europesays.com\/pt\/51853\/","title":{"rendered":"Quase 60% dos casos de dem\u00eancia no Brasil poderiam ser evitados; entenda &#8211; A Tribuna"},"content":{"rendered":"<ol>\n<li><a href=\"https:\/\/news.google.com\/rss\/articles\/CBMizAFBVV95cUxOaHg3OUpobkN5MUlpWk9xMjFIYWtIVXpGVkV1SVkxbGtCbW5lbHJxaV9NNm8tVmhfbDl5NzA2ZDVhVDdTV1E3amUtTndIZWZ4bXhfY3dRQkxpRjV0M2hMemRHX3Q2b2xkV1dMOFhYQnk3SndjN1Q0YzdjOEZwNGNvVGVXbGM0VmJTV2hUU1VfbWZ1VDc0ZUNkSXRDWGx5blNxVndXQVJaUlBHTFNjRUpsSmpnYkNLZHk3ZUM1UnNVWHVOQ1J4ZHEyR1RMak4?oc=5\" target=\"_blank\" rel=\"nofollow noopener\">Quase 60% dos casos de dem\u00eancia no Brasil poderiam ser evitados; entenda<\/a>&nbsp;&nbsp;A Tribuna<\/li>\n<li><a href=\"https:\/\/news.google.com\/rss\/articles\/CBMiwgFBVV95cUxNcVd1N1M4enE2Z09KWEhPTHgxTkJDOGZRazVDQl9PUC1rQldCN2stR29IS0F2NXB4Xzl6YnVJY2pjcy1KcTVYR3dPR0tObTZsdkFhNkRsalRqTzQwNE1yQ0hfdmhaUVp5SDZsWWxKZ2FWVHdMQzM4UTFxX1pMYkE2SDFMLTdYcXQ3enlFQXlnU2JFQ1BhX0FKSDczRWtJLXdaQ3F6MTFWWmh4UFk0a2pDbmlETnZVbG5PbVlWXzdsWmRrUQ?oc=5\" target=\"_blank\" rel=\"nofollow noopener\">Riscos modific\u00e1veis est\u00e3o associados a quase 60% dos casos de dem\u00eancia<\/a>&nbsp;&nbsp;Folha de Londrina<\/li>\n<li><a href=\"https:\/\/news.google.com\/rss\/articles\/CBMiwwFBVV95cUxQcnJKMDE3MV9sMV9RSUtPNXlZN3dERkdLVWJvano3MktJTFVKV0JLanh0dXBsSXh0dzV3TEp0cTJJTGlabThBZS1lbXR4MlRQMDdsWE90X0NfOUFkNE9GRWN4ZzFuV1N2ZTR3a1FZTEFwXzJfdWhWX2xweHd3eE5maDNZc2dvSGNrc2wtaGdVb09ub0x1eGtMT0pXeEI0WmlKT0hhc2Y5aHoxNWZ2bF9mdGxuczhfUks0Ry10Wnh2aks5QXc?oc=5\" target=\"_blank\" rel=\"nofollow noopener\">Geriatra: Obesidade, depress\u00e3o, diabetes e at\u00e9 polui\u00e7\u00e3o do ar podem causar dem\u00eancia<\/a>&nbsp;&nbsp;ReporterMT<\/li>\n<li><a href=\"https:\/\/news.google.com\/rss\/articles\/CBMipgFBVV95cUxOM0kzVFY1bkRlMGNBd3JXWWhYZTJQd1Jzd2tIcUFKenVocDhhbDlIV21vUjZBSVFFUjlxNld6ekRzQmlSTjY0QUN4UkxyeDNDT19tTHJ1VzRNUTFOejRwbmktdGgxWEY2b1JDUXZxZHlhdFU1dUpkVUlfVFV0SHVXOWkzR29PZ0Y0emlLQ3FOUGowYWF0UmZtNkxjSjFXVHRSTGJYT3dB?oc=5\" target=\"_blank\" rel=\"nofollow noopener\">Dem\u00eancia no Brasil associada a 60% de fatores modific\u00e1veis<\/a>&nbsp;&nbsp;News Rond\u00f4nia<\/li>\n<li><a href=\"https:\/\/news.google.com\/rss\/articles\/CBMi5wFBVV95cUxQMmNNSHhNeWJJQnI0QmdiTUpyQ2lZVDQtbVVUX3dmYl9vQzE4bUIteWN2RmpIdTVtajUtNC1XMTU3WmZuRHhZbFFCRFJRa2Y2UHZzanJzWTF2eGwxWlFPUUJSNEszb2JVanJqU21jRlhoeExoYndXdmZLeEkxQ29aR01IbkpEYW0tOWtvU2hVTlF6VkRCaVN4TE1kSF91SDNuM1NnQnhBWklDNzlqZm1uQnB1VVJVdF95S1RMSk1ySjYxLVBPZ1F3S21KUUtTM0ZjVXl4NUxqRFVRaGZBZ0dEUTZka1BZR3M?oc=5\" target=\"_blank\" rel=\"nofollow noopener\">Entre 15% da popula\u00e7\u00e3o brasileira tem alguma forma de riscos modific\u00e1veis, que \u00e9 associado a quase 60% dos casos de dem\u00eancia<\/a>&nbsp;&nbsp;Cear\u00e1 Agora<\/li>\n<\/ol>\n","protected":false},"excerpt":{"rendered":"Quase 60% dos casos de dem\u00eancia no Brasil poderiam ser evitados; entenda&nbsp;&nbsp;A Tribuna Riscos modific\u00e1veis est\u00e3o associados a&hellip;\n","protected":false},"author":2,"featured_media":51854,"comment_status":"","ping_status":"","sticky":false,"template":"","format":"standard","meta":{"footnotes":""},"categories":[86],"tags":[116,32,33,117],"class_list":{"0":"post-51853","1":"post","2":"type-post","3":"status-publish","4":"format-standard","5":"has-post-thumbnail","7":"category-saude","8":"tag-health","9":"tag-portugal","10":"tag-pt","11":"tag-saude"},"share_on_mastodon":{"url":"","error":""},"_links":{"self":[{"href":"https:\/\/www.europesays.com\/pt\/wp-json\/wp\/v2\/posts\/51853","targetHints":{"allow":["GET"]}}],"collection":[{"href":"https:\/\/www.europesays.com\/pt\/wp-json\/wp\/v2\/posts"}],"about":[{"href":"https:\/\/www.europesays.com\/pt\/wp-json\/wp\/v2\/types\/post"}],"author":[{"embeddable":true,"href":"https:\/\/www.europesays.com\/pt\/wp-json\/wp\/v2\/users\/2"}],"replies":[{"embeddable":true,"href":"https:\/\/www.europesays.com\/pt\/wp-json\/wp\/v2\/comments?post=51853"}],"version-history":[{"count":0,"href":"https:\/\/www.europesays.com\/pt\/wp-json\/wp\/v2\/posts\/51853\/revisions"}],"wp:featuredmedia":[{"embeddable":true,"href":"https:\/\/www.europesays.com\/pt\/wp-json\/wp\/v2\/media\/51854"}],"wp:attachment":[{"href":"https:\/\/www.europesays.com\/pt\/wp-json\/wp\/v2\/media?parent=51853"}],"wp:term":[{"taxonomy":"category","embeddable":true,"href":"https:\/\/www.europesays.com\/pt\/wp-json\/wp\/v2\/categories?post=51853"},{"taxonomy":"post_tag","embeddable":true,"href":"https:\/\/www.europesays.com\/pt\/wp-json\/wp\/v2\/tags?post=51853"}],"curies":[{"name":"wp","href":"https:\/\/api.w.org\/{rel}","templated":true}]}}